{"id":14805,"date":"2022-03-25T13:54:40","date_gmt":"2022-03-25T11:54:40","guid":{"rendered":"https:\/\/mugardos.gal\/exito-de-la-campana-de-recogida-de-ayuda-para-ucrania\/"},"modified":"2022-03-25T13:55:30","modified_gmt":"2022-03-25T11:55:30","slug":"exito-de-la-campana-de-recogida-de-ayuda-para-ucrania","status":"publish","type":"post","link":"https:\/\/mugardos.gal\/es\/exito-de-la-campana-de-recogida-de-ayuda-para-ucrania\/","title":{"rendered":"EXITO DE LA CAMPA\u00d1A DE RECOGIDA DE AYUDA PARA UCRANIA"},"content":{"rendered":"\n<h4><em>El gobierno municipal decidi\u00f3 mantener abierto el punto de recogida de ayuda para la asociaci\u00f3n AGA Ucra\u00edna<\/em><\/h4>\n\n<p><strong>Mugardos, 25 de marzo de 2022<\/strong><strong>.<\/strong>\u00a0Como \u201ctsunami solidario\u201d fue calificada por la concejal de Bienestar Social, Ana Varela, la campa\u00f1a de recogida de ayuda para Ucrania, realizada por el Concello de Mugardos en colaboraci\u00f3n con AGA Ucra\u00edna, despu\u00e9s de hacer frente ayer por la tarde a la primera entrega de material en la sede de la asociaci\u00f3n situada en A Coru\u00f1a.<\/p>\n\n<p>\u00abHicimos la primera entrega con dos veh\u00edculos de Protecci\u00f3n Civil completamente llenos, incluido el remolque. Y digo la primera, porque ahora mismo pesamos que quedan por lo menos dos o tres entregas m\u00e1s\u00bb se\u00f1al\u00f3 Varela, dejando clara la satisfacci\u00f3n por el \u00e9xito de la recogida.<\/p>\n\n<p>\u00abLos vecinos y vecinas se est\u00e1n volcando con esta campa\u00f1a. Las camionetas ayer marcharon para A Coru\u00f1a llenas de comida, ropa, mantas, productos de higiene, de todo&#8230; Tambi\u00e9n en Uni\u00f3n Mugardesa recogieron mucho material y por supuesto agradecemos su colaboraci\u00f3n\u00bb a\u00f1adi\u00f3 Varela.<\/p>\n\n<p>Desde el departamento de Bienestar explicaron que el material recogido en el Concello es clasificado en funci\u00f3n de su tipolog\u00eda y colocado en cajas debidamente cerradas y rotuladas, para facilitar su categorizaci\u00f3n posterior en los almacenes de la asociaci\u00f3n.<\/p>\n\n<p>Igualmente desde el Concello confirmaron que se mantiene abierto el punto de recogida y animaron a la vecindad a seguir colaborando. As\u00ed, las personas interesadas en entregar material podr\u00e1n hacerlo de 9.00 a 14.00 horas de lunes a viernes en el servicio de atenci\u00f3n al p\u00fablico situado en la Casa do Concello. Ropa (especialmente de abrigo), comida no perecedera (tambi\u00e9n para beb\u00e9s), material sanitario (alcohol, agua oxigenada, antis\u00e9pticos, gasas, suero fisiol\u00f3gico, esparadrapo, vendas, talco, tiritas, guantes de l\u00e1tex o vinilo, m\u00e1scaras, etc) y otro tipo de material como sacos de dormir, mantas, esterillas, tiendas de campa\u00f1a y colchones, todo tipo de productos de higiene personal, toallitas h\u00famedas, bater\u00edas externas, kit de costura, cerillas impermeables, mecheros o cuerdas, son los objetos m\u00e1s demandados. Ana Varela quiso recordar que \u00abdespu\u00e9s de un mes, el pueblo ucraniano nos necesita m\u00e1s que nunca. Miles y miles de personas siguen huyendo del horror de la guerra, y nosotros podemos ayudar a mitigar su dolor y cubrir algunas de sus necesidades m\u00e1s b\u00e1sicas\u00bb.<\/p>\n\n<p>\u00abComo concejal es un orgullo ver la solidaridad de nuestro pueblo y personalmente es muy emocionante poder coordinar este dispositivo municipal que pretende ser de ayuda para que tantas y tantas personas que es este momento est\u00e1n viviendo una situaci\u00f3n muy dura, puedan ver que no est\u00e1n sola, que pueden contar con nosotros\u00bb termin\u00f3 la concejal.<\/p>\n\n<figure class=\"wp-block-gallery columns-3 is-cropped\"><ul class=\"blocks-gallery-grid\"><li class=\"blocks-gallery-item\"><figure><img loading=\"lazy\" width=\"765\" height=\"1024\" src=\"https:\/\/mugardos.gal\/wp-content\/uploads\/2022\/03\/AGA-1-765x1024.jpg\" alt=\"\" data-id=\"14796\" data-full-url=\"https:\/\/mugardos.gal\/wp-content\/uploads\/2022\/03\/AGA-1.jpg\" data-link=\"https:\/\/mugardos.gal\/?attachment_id=14796\" class=\"wp-image-14796\" srcset=\"https:\/\/mugardos.gal\/wp-content\/uploads\/2022\/03\/AGA-1-765x1024.jpg 765w, https:\/\/mugardos.gal\/wp-content\/uploads\/2022\/03\/AGA-1-224x300.jpg 224w, https:\/\/mugardos.gal\/wp-content\/uploads\/2022\/03\/AGA-1-768x1027.jpg 768w, https:\/\/mugardos.gal\/wp-content\/uploads\/2022\/03\/AGA-1-1148x1536.jpg 1148w, https:\/\/mugardos.gal\/wp-content\/uploads\/2022\/03\/AGA-1.jpg 1196w\" sizes=\"(max-width: 765px) 100vw, 765px\" \/><\/figure><\/li><li class=\"blocks-gallery-item\"><figure><img loading=\"lazy\" width=\"1024\" height=\"619\" src=\"https:\/\/mugardos.gal\/wp-content\/uploads\/2022\/03\/AGA-2-1024x619.jpg\" alt=\"\" data-id=\"14798\" data-full-url=\"https:\/\/mugardos.gal\/wp-content\/uploads\/2022\/03\/AGA-2.jpg\" data-link=\"https:\/\/mugardos.gal\/?attachment_id=14798\" class=\"wp-image-14798\" srcset=\"https:\/\/mugardos.gal\/wp-content\/uploads\/2022\/03\/AGA-2-1024x619.jpg 1024w, https:\/\/mugardos.gal\/wp-content\/uploads\/2022\/03\/AGA-2-300x181.jpg 300w, https:\/\/mugardos.gal\/wp-content\/uploads\/2022\/03\/AGA-2-768x464.jpg 768w, https:\/\/mugardos.gal\/wp-content\/uploads\/2022\/03\/AGA-2-1536x928.jpg 1536w, https:\/\/mugardos.gal\/wp-content\/uploads\/2022\/03\/AGA-2.jpg 1600w\" sizes=\"(max-width: 1024px) 100vw, 1024px\" \/><\/figure><\/li><li class=\"blocks-gallery-item\"><figure><img loading=\"lazy\" width=\"576\" height=\"1024\" src=\"https:\/\/mugardos.gal\/wp-content\/uploads\/2022\/03\/AGA-3-576x1024.jpeg\" alt=\"\" data-id=\"14800\" data-full-url=\"https:\/\/mugardos.gal\/wp-content\/uploads\/2022\/03\/AGA-3.jpeg\" data-link=\"https:\/\/mugardos.gal\/?attachment_id=14800\" class=\"wp-image-14800\" srcset=\"https:\/\/mugardos.gal\/wp-content\/uploads\/2022\/03\/AGA-3-576x1024.jpeg 576w, https:\/\/mugardos.gal\/wp-content\/uploads\/2022\/03\/AGA-3-169x300.jpeg 169w, https:\/\/mugardos.gal\/wp-content\/uploads\/2022\/03\/AGA-3-768x1366.jpeg 768w, https:\/\/mugardos.gal\/wp-content\/uploads\/2022\/03\/AGA-3-864x1536.jpeg 864w, https:\/\/mugardos.gal\/wp-content\/uploads\/2022\/03\/AGA-3.jpeg 899w\" sizes=\"(max-width: 576px) 100vw, 576px\" \/><\/figure><\/li><li class=\"blocks-gallery-item\"><figure><img loading=\"lazy\" width=\"765\" height=\"1024\" src=\"https:\/\/mugardos.gal\/wp-content\/uploads\/2022\/03\/AGA-5-765x1024.jpg\" alt=\"\" data-id=\"14802\" data-full-url=\"https:\/\/mugardos.gal\/wp-content\/uploads\/2022\/03\/AGA-5.jpg\" data-link=\"https:\/\/mugardos.gal\/?attachment_id=14802\" class=\"wp-image-14802\" srcset=\"https:\/\/mugardos.gal\/wp-content\/uploads\/2022\/03\/AGA-5-765x1024.jpg 765w, https:\/\/mugardos.gal\/wp-content\/uploads\/2022\/03\/AGA-5-224x300.jpg 224w, https:\/\/mugardos.gal\/wp-content\/uploads\/2022\/03\/AGA-5-768x1027.jpg 768w, https:\/\/mugardos.gal\/wp-content\/uploads\/2022\/03\/AGA-5-1148x1536.jpg 1148w, https:\/\/mugardos.gal\/wp-content\/uploads\/2022\/03\/AGA-5.jpg 1196w\" sizes=\"(max-width: 765px) 100vw, 765px\" \/><\/figure><\/li><\/ul><\/figure>\n\n<p><\/p>\n","protected":false},"excerpt":{"rendered":"<p>El gobierno municipal decidi\u00f3 mantener abierto el punto de recogida de ayuda para la asociaci\u00f3n AGA Ucra\u00edna Mugardos, 25 de marzo de 2022.\u00a0Como \u201ctsunami solidario\u201d fue calificada por la concejal de Bienestar Social, Ana Varela, la campa\u00f1a de recogida de ayuda para Ucrania, realizada por el Concello de Mugardos en colaboraci\u00f3n con AGA Ucra\u00edna, despu\u00e9s [&hellip;]<\/p>\n","protected":false},"author":5,"featured_media":14793,"comment_status":"closed","ping_status":"closed","sticky":false,"template":"","format":"standard","meta":[],"categories":[47,12],"tags":[],"yoast_head":"<!-- This site is optimized with the Yoast SEO plugin v18.9 - https:\/\/yoast.com\/wordpress\/plugins\/seo\/ -->\n<title>EXITO DE LA CAMPA\u00d1A DE RECOGIDA DE AYUDA PARA UCRANIA - Concello de Mugardos<\/title>\n<meta name=\"robots\" content=\"index, follow, max-snippet:-1, max-image-preview:large, max-video-preview:-1\" \/>\n<link rel=\"canonical\" href=\"https:\/\/mugardos.gal\/es\/exito-de-la-campana-de-recogida-de-ayuda-para-ucrania\/\" \/>\n<meta property=\"og:locale\" content=\"es_ES\" \/>\n<meta property=\"og:type\" content=\"article\" \/>\n<meta property=\"og:title\" content=\"EXITO DE LA CAMPA\u00d1A DE RECOGIDA DE AYUDA PARA UCRANIA - Concello de Mugardos\" \/>\n<meta property=\"og:description\" content=\"El gobierno municipal decidi\u00f3 mantener abierto el punto de recogida de ayuda para la asociaci\u00f3n AGA Ucra\u00edna Mugardos, 25 de marzo de 2022.\u00a0Como \u201ctsunami solidario\u201d fue calificada por la concejal de Bienestar Social, Ana Varela, la campa\u00f1a de recogida de ayuda para Ucrania, realizada por el Concello de Mugardos en colaboraci\u00f3n con AGA Ucra\u00edna, despu\u00e9s [&hellip;]\" \/>\n<meta property=\"og:url\" content=\"https:\/\/mugardos.gal\/es\/exito-de-la-campana-de-recogida-de-ayuda-para-ucrania\/\" \/>\n<meta property=\"og:site_name\" content=\"Concello de Mugardos\" \/>\n<meta property=\"article:published_time\" content=\"2022-03-25T11:54:40+00:00\" \/>\n<meta property=\"article:modified_time\" content=\"2022-03-25T11:55:30+00:00\" \/>\n<meta property=\"og:image\" content=\"https:\/\/mugardos.gal\/wp-content\/uploads\/2022\/03\/AGA-4.jpeg\" \/>\n\t<meta property=\"og:image:width\" content=\"1920\" \/>\n\t<meta property=\"og:image:height\" content=\"1080\" \/>\n\t<meta property=\"og:image:type\" content=\"image\/jpeg\" \/>\n<meta name=\"twitter:card\" content=\"summary_large_image\" \/>\n<meta name=\"twitter:label1\" content=\"Escrito por\" \/>\n\t<meta name=\"twitter:data1\" content=\"maria_OCCIDENTE\" \/>\n\t<meta name=\"twitter:label2\" content=\"Tiempo de lectura\" \/>\n\t<meta name=\"twitter:data2\" content=\"2 minutos\" \/>\n<script type=\"application\/ld+json\" class=\"yoast-schema-graph\">{\"@context\":\"https:\/\/schema.org\",\"@graph\":[{\"@type\":\"WebSite\",\"@id\":\"https:\/\/mugardos.gal\/#website\",\"url\":\"https:\/\/mugardos.gal\/\",\"name\":\"Concello de Mugardos\",\"description\":\"\",\"potentialAction\":[{\"@type\":\"SearchAction\",\"target\":{\"@type\":\"EntryPoint\",\"urlTemplate\":\"https:\/\/mugardos.gal\/?s={search_term_string}\"},\"query-input\":\"required name=search_term_string\"}],\"inLanguage\":\"es\"},{\"@type\":\"ImageObject\",\"inLanguage\":\"es\",\"@id\":\"https:\/\/mugardos.gal\/es\/exito-de-la-campana-de-recogida-de-ayuda-para-ucrania\/#primaryimage\",\"url\":\"https:\/\/mugardos.gal\/wp-content\/uploads\/2022\/03\/AGA-4.jpeg\",\"contentUrl\":\"https:\/\/mugardos.gal\/wp-content\/uploads\/2022\/03\/AGA-4.jpeg\",\"width\":1920,\"height\":1080},{\"@type\":\"WebPage\",\"@id\":\"https:\/\/mugardos.gal\/es\/exito-de-la-campana-de-recogida-de-ayuda-para-ucrania\/#webpage\",\"url\":\"https:\/\/mugardos.gal\/es\/exito-de-la-campana-de-recogida-de-ayuda-para-ucrania\/\",\"name\":\"EXITO DE LA CAMPA\u00d1A DE RECOGIDA DE AYUDA PARA UCRANIA - Concello de Mugardos\",\"isPartOf\":{\"@id\":\"https:\/\/mugardos.gal\/#website\"},\"primaryImageOfPage\":{\"@id\":\"https:\/\/mugardos.gal\/es\/exito-de-la-campana-de-recogida-de-ayuda-para-ucrania\/#primaryimage\"},\"datePublished\":\"2022-03-25T11:54:40+00:00\",\"dateModified\":\"2022-03-25T11:55:30+00:00\",\"author\":{\"@id\":\"https:\/\/mugardos.gal\/#\/schema\/person\/5003de8d638a334108335f5dc158539f\"},\"breadcrumb\":{\"@id\":\"https:\/\/mugardos.gal\/es\/exito-de-la-campana-de-recogida-de-ayuda-para-ucrania\/#breadcrumb\"},\"inLanguage\":\"es\",\"potentialAction\":[{\"@type\":\"ReadAction\",\"target\":[\"https:\/\/mugardos.gal\/es\/exito-de-la-campana-de-recogida-de-ayuda-para-ucrania\/\"]}]},{\"@type\":\"BreadcrumbList\",\"@id\":\"https:\/\/mugardos.gal\/es\/exito-de-la-campana-de-recogida-de-ayuda-para-ucrania\/#breadcrumb\",\"itemListElement\":[{\"@type\":\"ListItem\",\"position\":1,\"name\":\"Portada\",\"item\":\"https:\/\/mugardos.gal\/es\/\"},{\"@type\":\"ListItem\",\"position\":2,\"name\":\"EXITO DE LA CAMPA\u00d1A DE RECOGIDA DE AYUDA PARA UCRANIA\"}]},{\"@type\":\"Person\",\"@id\":\"https:\/\/mugardos.gal\/#\/schema\/person\/5003de8d638a334108335f5dc158539f\",\"name\":\"maria_OCCIDENTE\",\"url\":\"https:\/\/mugardos.gal\/es\/author\/maria_occidente\/\"}]}<\/script>\n<!-- \/ Yoast SEO plugin. -->","yoast_head_json":{"title":"EXITO DE LA CAMPA\u00d1A DE RECOGIDA DE AYUDA PARA UCRANIA - Concello de Mugardos","robots":{"index":"index","follow":"follow","max-snippet":"max-snippet:-1","max-image-preview":"max-image-preview:large","max-video-preview":"max-video-preview:-1"},"canonical":"https:\/\/mugardos.gal\/es\/exito-de-la-campana-de-recogida-de-ayuda-para-ucrania\/","og_locale":"es_ES","og_type":"article","og_title":"EXITO DE LA CAMPA\u00d1A DE RECOGIDA DE AYUDA PARA UCRANIA - Concello de Mugardos","og_description":"El gobierno municipal decidi\u00f3 mantener abierto el punto de recogida de ayuda para la asociaci\u00f3n AGA Ucra\u00edna Mugardos, 25 de marzo de 2022.\u00a0Como \u201ctsunami solidario\u201d fue calificada por la concejal de Bienestar Social, Ana Varela, la campa\u00f1a de recogida de ayuda para Ucrania, realizada por el Concello de Mugardos en colaboraci\u00f3n con AGA Ucra\u00edna, despu\u00e9s [&hellip;]","og_url":"https:\/\/mugardos.gal\/es\/exito-de-la-campana-de-recogida-de-ayuda-para-ucrania\/","og_site_name":"Concello de Mugardos","article_published_time":"2022-03-25T11:54:40+00:00","article_modified_time":"2022-03-25T11:55:30+00:00","og_image":[{"width":1920,"height":1080,"url":"https:\/\/mugardos.gal\/wp-content\/uploads\/2022\/03\/AGA-4.jpeg","type":"image\/jpeg"}],"twitter_card":"summary_large_image","twitter_misc":{"Escrito por":"maria_OCCIDENTE","Tiempo de lectura":"2 minutos"},"schema":{"@context":"https:\/\/schema.org","@graph":[{"@type":"WebSite","@id":"https:\/\/mugardos.gal\/#website","url":"https:\/\/mugardos.gal\/","name":"Concello de Mugardos","description":"","potentialAction":[{"@type":"SearchAction","target":{"@type":"EntryPoint","urlTemplate":"https:\/\/mugardos.gal\/?s={search_term_string}"},"query-input":"required name=search_term_string"}],"inLanguage":"es"},{"@type":"ImageObject","inLanguage":"es","@id":"https:\/\/mugardos.gal\/es\/exito-de-la-campana-de-recogida-de-ayuda-para-ucrania\/#primaryimage","url":"https:\/\/mugardos.gal\/wp-content\/uploads\/2022\/03\/AGA-4.jpeg","contentUrl":"https:\/\/mugardos.gal\/wp-content\/uploads\/2022\/03\/AGA-4.jpeg","width":1920,"height":1080},{"@type":"WebPage","@id":"https:\/\/mugardos.gal\/es\/exito-de-la-campana-de-recogida-de-ayuda-para-ucrania\/#webpage","url":"https:\/\/mugardos.gal\/es\/exito-de-la-campana-de-recogida-de-ayuda-para-ucrania\/","name":"EXITO DE LA CAMPA\u00d1A DE RECOGIDA DE AYUDA PARA UCRANIA - Concello de Mugardos","isPartOf":{"@id":"https:\/\/mugardos.gal\/#website"},"primaryImageOfPage":{"@id":"https:\/\/mugardos.gal\/es\/exito-de-la-campana-de-recogida-de-ayuda-para-ucrania\/#primaryimage"},"datePublished":"2022-03-25T11:54:40+00:00","dateModified":"2022-03-25T11:55:30+00:00","author":{"@id":"https:\/\/mugardos.gal\/#\/schema\/person\/5003de8d638a334108335f5dc158539f"},"breadcrumb":{"@id":"https:\/\/mugardos.gal\/es\/exito-de-la-campana-de-recogida-de-ayuda-para-ucrania\/#breadcrumb"},"inLanguage":"es","potentialAction":[{"@type":"ReadAction","target":["https:\/\/mugardos.gal\/es\/exito-de-la-campana-de-recogida-de-ayuda-para-ucrania\/"]}]},{"@type":"BreadcrumbList","@id":"https:\/\/mugardos.gal\/es\/exito-de-la-campana-de-recogida-de-ayuda-para-ucrania\/#breadcrumb","itemListElement":[{"@type":"ListItem","position":1,"name":"Portada","item":"https:\/\/mugardos.gal\/es\/"},{"@type":"ListItem","position":2,"name":"EXITO DE LA CAMPA\u00d1A DE RECOGIDA DE AYUDA PARA UCRANIA"}]},{"@type":"Person","@id":"https:\/\/mugardos.gal\/#\/schema\/person\/5003de8d638a334108335f5dc158539f","name":"maria_OCCIDENTE","url":"https:\/\/mugardos.gal\/es\/author\/maria_occidente\/"}]}},"_links":{"self":[{"href":"https:\/\/mugardos.gal\/es\/wp-json\/wp\/v2\/posts\/14805"}],"collection":[{"href":"https:\/\/mugardos.gal\/es\/wp-json\/wp\/v2\/posts"}],"about":[{"href":"https:\/\/mugardos.gal\/es\/wp-json\/wp\/v2\/types\/post"}],"author":[{"embeddable":true,"href":"https:\/\/mugardos.gal\/es\/wp-json\/wp\/v2\/users\/5"}],"replies":[{"embeddable":true,"href":"https:\/\/mugardos.gal\/es\/wp-json\/wp\/v2\/comments?post=14805"}],"version-history":[{"count":0,"href":"https:\/\/mugardos.gal\/es\/wp-json\/wp\/v2\/posts\/14805\/revisions"}],"wp:featuredmedia":[{"embeddable":true,"href":"https:\/\/mugardos.gal\/es\/wp-json\/wp\/v2\/media\/14793"}],"wp:attachment":[{"href":"https:\/\/mugardos.gal\/es\/wp-json\/wp\/v2\/media?parent=14805"}],"wp:term":[{"taxonomy":"category","embeddable":true,"href":"https:\/\/mugardos.gal\/es\/wp-json\/wp\/v2\/categories?post=14805"},{"taxonomy":"post_tag","embeddable":true,"href":"https:\/\/mugardos.gal\/es\/wp-json\/wp\/v2\/tags?post=14805"}],"curies":[{"name":"wp","href":"https:\/\/api.w.org\/{rel}","templated":true}]}}