{"id":14645,"date":"2022-03-07T15:13:30","date_gmt":"2022-03-07T13:13:30","guid":{"rendered":"https:\/\/mugardos.gal\/el-alcalde-de-mugardos-solicita-a-la-xunta-la-instalacion-de-un-paso-de-peatones-en-a-pedreira\/"},"modified":"2022-03-07T15:13:30","modified_gmt":"2022-03-07T13:13:30","slug":"el-alcalde-de-mugardos-solicita-a-la-xunta-la-instalacion-de-un-paso-de-peatones-en-a-pedreira","status":"publish","type":"post","link":"https:\/\/mugardos.gal\/es\/el-alcalde-de-mugardos-solicita-a-la-xunta-la-instalacion-de-un-paso-de-peatones-en-a-pedreira\/","title":{"rendered":"EL ALCALDE DE MUGARDOS SOLICITA A LA XUNTA LA INSTALACI\u00d3N DE UN PASO DE PEATONES EN A PEDREIRA"},"content":{"rendered":"\n<h4><em>Debido a la titularidad auton\u00f3mica de la AC-133, es la Conseller\u00eda de Infraestructuras e Mobilidade la encargada de la seguridad vial en la zona<\/em><\/h4>\n\n<div class=\"wp-block-image\"><figure class=\"aligncenter size-large\"><img loading=\"lazy\" width=\"480\" height=\"697\" src=\"https:\/\/mugardos.gal\/wp-content\/uploads\/2022\/03\/Solicitud-paso-peatones-A-Pedreira.jpg\" alt=\"\" class=\"wp-image-14641\" srcset=\"https:\/\/mugardos.gal\/wp-content\/uploads\/2022\/03\/Solicitud-paso-peatones-A-Pedreira.jpg 480w, https:\/\/mugardos.gal\/wp-content\/uploads\/2022\/03\/Solicitud-paso-peatones-A-Pedreira-207x300.jpg 207w\" sizes=\"(max-width: 480px) 100vw, 480px\" \/><\/figure><\/div>\n\n<p><strong>Mugardos, 7 de marzo de 2022.<\/strong>\u00a0Juan Domingo de Deus comunic\u00f3 hoy la solicitud realizada por su gobierno a la conselleira de Infraestructuras e Mobilidade, Ethel V\u00e1zquez, para la instalaci\u00f3n de un paso de peatones en A Pedreira con el objetivo de mejorar la seguridad vial en la zona. \u00abSe trata de una reivindicaci\u00f3n hist\u00f3rica no solo de los vecinos y vecinas, tambi\u00e9n de los paseantes y de todos los mugardeses que pasa a diario por este espacio\u00bb subray\u00f3.<\/p>\n\n<p>La solicitud realizada por el alcalde de un paso de peatones en las inmediaciones del antiguo Mes\u00f3n de A Pedreira, en la \u00e1rea de influencia de las calles Gali\u00f1eiro, Cas\u00e1s, Fieiteiras, A Ca\u00f1ota y Traves\u00eda da Pedreira, cuenta con una aval de la Polic\u00eda Local, que ya transmiti\u00f3 en un reciente informe que esta petici\u00f3n de garantizar la seguridad vial en la zona a trav\u00e9s de un paso de peatones podr\u00eda incluso encuadrarse dentro de un plan de la Direcci\u00f3n General de Tr\u00e1fico llamado \u00abTraves\u00edas seguras\u00bb. As\u00ed este tramo de la AC-133 pasar\u00eda a considerarse como traves\u00eda, a mayores habr\u00e1 5 v\u00edas que confluyen en ella \u00abcalles Gali\u00f1eiro, Cas\u00e1s, Traves\u00eda de Fieiteiras, A Ca\u00f1ota y Traves\u00eda da Pedreira), un carril central de enlace para dar servicio al giro hacia C\/Cas\u00e1s y de esta \u00faltima calle para incorporarse a la AC-133, y una parada de bus de l\u00ednea regular y escolar en cada sentido de la marcha.<\/p>\n\n<p>En lo relativo a la parada de bus de esta zona, la conselleira Ethel V\u00e1zquez en el encuentro mantenido en Santiago con el alcalde mugard\u00e9s el pasado 24 de febrero, transmiti\u00f3 que ya est\u00e1 solicitada la instalaci\u00f3n de una marquesina previsiblemente en el mes de abril, dentro de la campa\u00f1a de reposici\u00f3n y colocaci\u00f3n de nuevas marquesinas iniciada el pasado a\u00f1o.<\/p>\n\n<p>\u00abLa petici\u00f3n que realizamos a la conselleira para la zona de Pedreira dada la elevada densidad de tr\u00e1nsito, fue planteada por la Polic\u00eda Local en su informe, este significa que solicitamos que el techo indicado en Pedreira pase a ser una traves\u00eda, se reduzca la velocidad a 50km\/h y se instale un paso de peatones. Y confiamos en que nuestra solicitud sea atendida por la Conseller\u00eda, por la evidente necesidad y por la buena disposici\u00f3n que siempre encontramos en ellos, y m\u00e1s cuando se habla de seguridad vial\u00bb termin\u00f3 De Deus.<\/p>\n","protected":false},"excerpt":{"rendered":"<p>Debido a la titularidad auton\u00f3mica de la AC-133, es la Conseller\u00eda de Infraestructuras e Mobilidade la encargada de la seguridad vial en la zona Mugardos, 7 de marzo de 2022.\u00a0Juan Domingo de Deus comunic\u00f3 hoy la solicitud realizada por su gobierno a la conselleira de Infraestructuras e Mobilidade, Ethel V\u00e1zquez, para la instalaci\u00f3n de un [&hellip;]<\/p>\n","protected":false},"author":5,"featured_media":14643,"comment_status":"closed","ping_status":"closed","sticky":false,"template":"","format":"standard","meta":[],"categories":[12],"tags":[],"yoast_head":"<!-- This site is optimized with the Yoast SEO plugin v18.9 - https:\/\/yoast.com\/wordpress\/plugins\/seo\/ -->\n<title>EL ALCALDE DE MUGARDOS SOLICITA A LA XUNTA LA INSTALACI\u00d3N DE UN PASO DE PEATONES EN A PEDREIRA - Concello de Mugardos<\/title>\n<meta name=\"robots\" content=\"index, follow, max-snippet:-1, max-image-preview:large, max-video-preview:-1\" \/>\n<link rel=\"canonical\" href=\"https:\/\/mugardos.gal\/es\/el-alcalde-de-mugardos-solicita-a-la-xunta-la-instalacion-de-un-paso-de-peatones-en-a-pedreira\/\" \/>\n<meta property=\"og:locale\" content=\"es_ES\" \/>\n<meta property=\"og:type\" content=\"article\" \/>\n<meta property=\"og:title\" content=\"EL ALCALDE DE MUGARDOS SOLICITA A LA XUNTA LA INSTALACI\u00d3N DE UN PASO DE PEATONES EN A PEDREIRA - Concello de Mugardos\" \/>\n<meta property=\"og:description\" content=\"Debido a la titularidad auton\u00f3mica de la AC-133, es la Conseller\u00eda de Infraestructuras e Mobilidade la encargada de la seguridad vial en la zona Mugardos, 7 de marzo de 2022.\u00a0Juan Domingo de Deus comunic\u00f3 hoy la solicitud realizada por su gobierno a la conselleira de Infraestructuras e Mobilidade, Ethel V\u00e1zquez, para la instalaci\u00f3n de un [&hellip;]\" \/>\n<meta property=\"og:url\" content=\"https:\/\/mugardos.gal\/es\/el-alcalde-de-mugardos-solicita-a-la-xunta-la-instalacion-de-un-paso-de-peatones-en-a-pedreira\/\" \/>\n<meta property=\"og:site_name\" content=\"Concello de Mugardos\" \/>\n<meta property=\"article:published_time\" content=\"2022-03-07T13:13:30+00:00\" \/>\n<meta property=\"og:image\" content=\"https:\/\/mugardos.gal\/wp-content\/uploads\/2022\/03\/mugardos.jpg\" \/>\n\t<meta property=\"og:image:width\" content=\"1205\" \/>\n\t<meta property=\"og:image:height\" content=\"1205\" \/>\n\t<meta property=\"og:image:type\" content=\"image\/jpeg\" \/>\n<meta name=\"twitter:card\" content=\"summary_large_image\" \/>\n<meta name=\"twitter:label1\" content=\"Escrito por\" \/>\n\t<meta name=\"twitter:data1\" content=\"maria_OCCIDENTE\" \/>\n\t<meta name=\"twitter:label2\" content=\"Tiempo de lectura\" \/>\n\t<meta name=\"twitter:data2\" content=\"2 minutos\" \/>\n<script type=\"application\/ld+json\" class=\"yoast-schema-graph\">{\"@context\":\"https:\/\/schema.org\",\"@graph\":[{\"@type\":\"WebSite\",\"@id\":\"https:\/\/mugardos.gal\/#website\",\"url\":\"https:\/\/mugardos.gal\/\",\"name\":\"Concello de Mugardos\",\"description\":\"\",\"potentialAction\":[{\"@type\":\"SearchAction\",\"target\":{\"@type\":\"EntryPoint\",\"urlTemplate\":\"https:\/\/mugardos.gal\/?s={search_term_string}\"},\"query-input\":\"required name=search_term_string\"}],\"inLanguage\":\"es\"},{\"@type\":\"ImageObject\",\"inLanguage\":\"es\",\"@id\":\"https:\/\/mugardos.gal\/es\/el-alcalde-de-mugardos-solicita-a-la-xunta-la-instalacion-de-un-paso-de-peatones-en-a-pedreira\/#primaryimage\",\"url\":\"https:\/\/mugardos.gal\/wp-content\/uploads\/2022\/03\/mugardos.jpg\",\"contentUrl\":\"https:\/\/mugardos.gal\/wp-content\/uploads\/2022\/03\/mugardos.jpg\",\"width\":1205,\"height\":1205},{\"@type\":\"WebPage\",\"@id\":\"https:\/\/mugardos.gal\/es\/el-alcalde-de-mugardos-solicita-a-la-xunta-la-instalacion-de-un-paso-de-peatones-en-a-pedreira\/#webpage\",\"url\":\"https:\/\/mugardos.gal\/es\/el-alcalde-de-mugardos-solicita-a-la-xunta-la-instalacion-de-un-paso-de-peatones-en-a-pedreira\/\",\"name\":\"EL ALCALDE DE MUGARDOS SOLICITA A LA XUNTA LA INSTALACI\u00d3N DE UN PASO DE PEATONES EN A PEDREIRA - Concello de Mugardos\",\"isPartOf\":{\"@id\":\"https:\/\/mugardos.gal\/#website\"},\"primaryImageOfPage\":{\"@id\":\"https:\/\/mugardos.gal\/es\/el-alcalde-de-mugardos-solicita-a-la-xunta-la-instalacion-de-un-paso-de-peatones-en-a-pedreira\/#primaryimage\"},\"datePublished\":\"2022-03-07T13:13:30+00:00\",\"dateModified\":\"2022-03-07T13:13:30+00:00\",\"author\":{\"@id\":\"https:\/\/mugardos.gal\/#\/schema\/person\/5003de8d638a334108335f5dc158539f\"},\"breadcrumb\":{\"@id\":\"https:\/\/mugardos.gal\/es\/el-alcalde-de-mugardos-solicita-a-la-xunta-la-instalacion-de-un-paso-de-peatones-en-a-pedreira\/#breadcrumb\"},\"inLanguage\":\"es\",\"potentialAction\":[{\"@type\":\"ReadAction\",\"target\":[\"https:\/\/mugardos.gal\/es\/el-alcalde-de-mugardos-solicita-a-la-xunta-la-instalacion-de-un-paso-de-peatones-en-a-pedreira\/\"]}]},{\"@type\":\"BreadcrumbList\",\"@id\":\"https:\/\/mugardos.gal\/es\/el-alcalde-de-mugardos-solicita-a-la-xunta-la-instalacion-de-un-paso-de-peatones-en-a-pedreira\/#breadcrumb\",\"itemListElement\":[{\"@type\":\"ListItem\",\"position\":1,\"name\":\"Portada\",\"item\":\"https:\/\/mugardos.gal\/es\/\"},{\"@type\":\"ListItem\",\"position\":2,\"name\":\"EL ALCALDE DE MUGARDOS SOLICITA A LA XUNTA LA INSTALACI\u00d3N DE UN PASO DE PEATONES EN A PEDREIRA\"}]},{\"@type\":\"Person\",\"@id\":\"https:\/\/mugardos.gal\/#\/schema\/person\/5003de8d638a334108335f5dc158539f\",\"name\":\"maria_OCCIDENTE\",\"url\":\"https:\/\/mugardos.gal\/es\/author\/maria_occidente\/\"}]}<\/script>\n<!-- \/ Yoast SEO plugin. -->","yoast_head_json":{"title":"EL ALCALDE DE MUGARDOS SOLICITA A LA XUNTA LA INSTALACI\u00d3N DE UN PASO DE PEATONES EN A PEDREIRA - Concello de Mugardos","robots":{"index":"index","follow":"follow","max-snippet":"max-snippet:-1","max-image-preview":"max-image-preview:large","max-video-preview":"max-video-preview:-1"},"canonical":"https:\/\/mugardos.gal\/es\/el-alcalde-de-mugardos-solicita-a-la-xunta-la-instalacion-de-un-paso-de-peatones-en-a-pedreira\/","og_locale":"es_ES","og_type":"article","og_title":"EL ALCALDE DE MUGARDOS SOLICITA A LA XUNTA LA INSTALACI\u00d3N DE UN PASO DE PEATONES EN A PEDREIRA - Concello de Mugardos","og_description":"Debido a la titularidad auton\u00f3mica de la AC-133, es la Conseller\u00eda de Infraestructuras e Mobilidade la encargada de la seguridad vial en la zona Mugardos, 7 de marzo de 2022.\u00a0Juan Domingo de Deus comunic\u00f3 hoy la solicitud realizada por su gobierno a la conselleira de Infraestructuras e Mobilidade, Ethel V\u00e1zquez, para la instalaci\u00f3n de un [&hellip;]","og_url":"https:\/\/mugardos.gal\/es\/el-alcalde-de-mugardos-solicita-a-la-xunta-la-instalacion-de-un-paso-de-peatones-en-a-pedreira\/","og_site_name":"Concello de Mugardos","article_published_time":"2022-03-07T13:13:30+00:00","og_image":[{"width":1205,"height":1205,"url":"https:\/\/mugardos.gal\/wp-content\/uploads\/2022\/03\/mugardos.jpg","type":"image\/jpeg"}],"twitter_card":"summary_large_image","twitter_misc":{"Escrito por":"maria_OCCIDENTE","Tiempo de lectura":"2 minutos"},"schema":{"@context":"https:\/\/schema.org","@graph":[{"@type":"WebSite","@id":"https:\/\/mugardos.gal\/#website","url":"https:\/\/mugardos.gal\/","name":"Concello de Mugardos","description":"","potentialAction":[{"@type":"SearchAction","target":{"@type":"EntryPoint","urlTemplate":"https:\/\/mugardos.gal\/?s={search_term_string}"},"query-input":"required name=search_term_string"}],"inLanguage":"es"},{"@type":"ImageObject","inLanguage":"es","@id":"https:\/\/mugardos.gal\/es\/el-alcalde-de-mugardos-solicita-a-la-xunta-la-instalacion-de-un-paso-de-peatones-en-a-pedreira\/#primaryimage","url":"https:\/\/mugardos.gal\/wp-content\/uploads\/2022\/03\/mugardos.jpg","contentUrl":"https:\/\/mugardos.gal\/wp-content\/uploads\/2022\/03\/mugardos.jpg","width":1205,"height":1205},{"@type":"WebPage","@id":"https:\/\/mugardos.gal\/es\/el-alcalde-de-mugardos-solicita-a-la-xunta-la-instalacion-de-un-paso-de-peatones-en-a-pedreira\/#webpage","url":"https:\/\/mugardos.gal\/es\/el-alcalde-de-mugardos-solicita-a-la-xunta-la-instalacion-de-un-paso-de-peatones-en-a-pedreira\/","name":"EL ALCALDE DE MUGARDOS SOLICITA A LA XUNTA LA INSTALACI\u00d3N DE UN PASO DE PEATONES EN A PEDREIRA - Concello de Mugardos","isPartOf":{"@id":"https:\/\/mugardos.gal\/#website"},"primaryImageOfPage":{"@id":"https:\/\/mugardos.gal\/es\/el-alcalde-de-mugardos-solicita-a-la-xunta-la-instalacion-de-un-paso-de-peatones-en-a-pedreira\/#primaryimage"},"datePublished":"2022-03-07T13:13:30+00:00","dateModified":"2022-03-07T13:13:30+00:00","author":{"@id":"https:\/\/mugardos.gal\/#\/schema\/person\/5003de8d638a334108335f5dc158539f"},"breadcrumb":{"@id":"https:\/\/mugardos.gal\/es\/el-alcalde-de-mugardos-solicita-a-la-xunta-la-instalacion-de-un-paso-de-peatones-en-a-pedreira\/#breadcrumb"},"inLanguage":"es","potentialAction":[{"@type":"ReadAction","target":["https:\/\/mugardos.gal\/es\/el-alcalde-de-mugardos-solicita-a-la-xunta-la-instalacion-de-un-paso-de-peatones-en-a-pedreira\/"]}]},{"@type":"BreadcrumbList","@id":"https:\/\/mugardos.gal\/es\/el-alcalde-de-mugardos-solicita-a-la-xunta-la-instalacion-de-un-paso-de-peatones-en-a-pedreira\/#breadcrumb","itemListElement":[{"@type":"ListItem","position":1,"name":"Portada","item":"https:\/\/mugardos.gal\/es\/"},{"@type":"ListItem","position":2,"name":"EL ALCALDE DE MUGARDOS SOLICITA A LA XUNTA LA INSTALACI\u00d3N DE UN PASO DE PEATONES EN A PEDREIRA"}]},{"@type":"Person","@id":"https:\/\/mugardos.gal\/#\/schema\/person\/5003de8d638a334108335f5dc158539f","name":"maria_OCCIDENTE","url":"https:\/\/mugardos.gal\/es\/author\/maria_occidente\/"}]}},"_links":{"self":[{"href":"https:\/\/mugardos.gal\/es\/wp-json\/wp\/v2\/posts\/14645"}],"collection":[{"href":"https:\/\/mugardos.gal\/es\/wp-json\/wp\/v2\/posts"}],"about":[{"href":"https:\/\/mugardos.gal\/es\/wp-json\/wp\/v2\/types\/post"}],"author":[{"embeddable":true,"href":"https:\/\/mugardos.gal\/es\/wp-json\/wp\/v2\/users\/5"}],"replies":[{"embeddable":true,"href":"https:\/\/mugardos.gal\/es\/wp-json\/wp\/v2\/comments?post=14645"}],"version-history":[{"count":0,"href":"https:\/\/mugardos.gal\/es\/wp-json\/wp\/v2\/posts\/14645\/revisions"}],"wp:featuredmedia":[{"embeddable":true,"href":"https:\/\/mugardos.gal\/es\/wp-json\/wp\/v2\/media\/14643"}],"wp:attachment":[{"href":"https:\/\/mugardos.gal\/es\/wp-json\/wp\/v2\/media?parent=14645"}],"wp:term":[{"taxonomy":"category","embeddable":true,"href":"https:\/\/mugardos.gal\/es\/wp-json\/wp\/v2\/categories?post=14645"},{"taxonomy":"post_tag","embeddable":true,"href":"https:\/\/mugardos.gal\/es\/wp-json\/wp\/v2\/tags?post=14645"}],"curies":[{"name":"wp","href":"https:\/\/api.w.org\/{rel}","templated":true}]}}