{"id":14305,"date":"2022-02-09T14:31:23","date_gmt":"2022-02-09T12:31:23","guid":{"rendered":"https:\/\/mugardos.gal\/el-viernes-termina-el-plazo-para-solicitar-la-exencion-de-las-taxas-de-agua-basuras-saneamiento-y-edar-para-el-ano-2022\/"},"modified":"2022-02-09T14:31:23","modified_gmt":"2022-02-09T12:31:23","slug":"el-viernes-termina-el-plazo-para-solicitar-la-exencion-de-las-taxas-de-agua-basuras-saneamiento-y-edar-para-el-ano-2022","status":"publish","type":"post","link":"https:\/\/mugardos.gal\/es\/el-viernes-termina-el-plazo-para-solicitar-la-exencion-de-las-taxas-de-agua-basuras-saneamiento-y-edar-para-el-ano-2022\/","title":{"rendered":"EL VIERNES TERMINA EL PLAZO PARA SOLICITAR LA EXENCI\u00d3N DE LAS TAXAS DE AGUA, BASURAS, SANEAMIENTO Y EDAR PARA EL A\u00d1O 2022"},"content":{"rendered":"\n<p><strong>Mugardos, 9 de febrero de 2022<\/strong><strong>.<\/strong> La concejal de Servicios Sociales Ana Varela recuerda que el plazo para la solicitud de la exenci\u00f3n de las taxas de agua, basuras, saneamiento y EDAR para esta a\u00f1o 2022 termina este pr\u00f3ximo viernes<\/p>\n\n<p> La concejala quiso recordar que los dos requisitos principales para tener acceso a la exenci\u00f3n son <strong>estar empadronado en el Concello de Mugardos y no tener ingresos superiores al 125% de IPREM<\/strong>, por todos los conceptos y cualquiera que sea el n\u00famero de personas que compongan la unidad familiar.<\/p>\n\n<p>Ana Varela anim\u00f3 a solicitar la exenci\u00f3n, especialmente a los vecinos cuyas circunstancias actuales no sean las que se reflejan en los datos econ\u00f3micos solicitados, ya que desde el a\u00f1o pasado a este cambi\u00f3 su situaci\u00f3n laboral, familiar y\/o econ\u00f3mica. \u00abEstos son los casos en los que la gente tiene que hacer uso de los servicios sociales, porque la pandemia caus\u00f3 estragos en la econom\u00eda de muchas familias que nunca hicieron uso de los servicios sociales, y tenemos que estar ah\u00ed para evitar por todos los medios disponibles que la gente pase apuros econ\u00f3micos que impidan desarrollar la vida\u00bb.<\/p>\n\n<p>La documentaci\u00f3n que deber\u00e1 presentarse es la fotocopia del DNI de la persona solicitante &#8211; en el caso de ser la primera vez que solicita-, el \u00faltimo recibo de agua, basura, saneamiento o EDAR a nombre de la persona solicitante de la exenci\u00f3n, el informe de empadronamiento de todas las personas que residen en la vivienda, y el certificado del IRPF del a\u00f1o 2020, de todos los miembros de la unidad familiar. \u00abPor supuesto, las personas interesadas en solicitar la exenci\u00f3n podr\u00e1n aportar cualquier otra informaci\u00f3n y documentaci\u00f3n que permita conocer de un modo m\u00e1s adecuado su situaci\u00f3n, ya que las solicitudes se estudian por parte de los servicios sociales de manera individualizada\u00bb se\u00f1al\u00f3 Varela.<\/p>\n\n<p>Para terminar, la concejal anim\u00f3 a los vecinos y vecinas a ponerse en contacto con los servicios sociales o con ella misma para cualquier aclaraci\u00f3n o duda relacionada con esta ayuda. \u00abDe lunes a viernes, de 9.00 a 14.00 horas, est\u00e1 abierta la atenci\u00f3n al p\u00fablico en los servicios sociales tanto presencialmente como telef\u00f3nicamente (llamando al 981 470 290 extensi\u00f3n #2049 o #2017). Tambi\u00e9n se pueden poner en contacto a trav\u00e9s del correo electr\u00f3nico <a href=\"mailto:servizos.sociais@mugardos.gal\">servizos.sociais@mugardos.gal<\/a> ou <a href=\"mailto:ana.varela@mugardos.gal\">ana.varela@mugardos.gal<\/a>. Esperamos que nadie que lo necesite quede sin solicitarla\u201d.<\/p>\n","protected":false},"excerpt":{"rendered":"<p>Mugardos, 9 de febrero de 2022. La concejal de Servicios Sociales Ana Varela recuerda que el plazo para la solicitud de la exenci\u00f3n de las taxas de agua, basuras, saneamiento y EDAR para esta a\u00f1o 2022 termina este pr\u00f3ximo viernes La concejala quiso recordar que los dos requisitos principales para tener acceso a la exenci\u00f3n [&hellip;]<\/p>\n","protected":false},"author":5,"featured_media":12433,"comment_status":"closed","ping_status":"closed","sticky":false,"template":"","format":"standard","meta":[],"categories":[47,12],"tags":[],"yoast_head":"<!-- This site is optimized with the Yoast SEO plugin v18.9 - https:\/\/yoast.com\/wordpress\/plugins\/seo\/ -->\n<title>EL VIERNES TERMINA EL PLAZO PARA SOLICITAR LA EXENCI\u00d3N DE LAS TAXAS DE AGUA, BASURAS, SANEAMIENTO Y EDAR PARA EL A\u00d1O 2022 - Concello de Mugardos<\/title>\n<meta name=\"robots\" content=\"index, follow, max-snippet:-1, max-image-preview:large, max-video-preview:-1\" \/>\n<link rel=\"canonical\" href=\"https:\/\/mugardos.gal\/es\/el-viernes-termina-el-plazo-para-solicitar-la-exencion-de-las-taxas-de-agua-basuras-saneamiento-y-edar-para-el-ano-2022\/\" \/>\n<meta property=\"og:locale\" content=\"es_ES\" \/>\n<meta property=\"og:type\" content=\"article\" \/>\n<meta property=\"og:title\" content=\"EL VIERNES TERMINA EL PLAZO PARA SOLICITAR LA EXENCI\u00d3N DE LAS TAXAS DE AGUA, BASURAS, SANEAMIENTO Y EDAR PARA EL A\u00d1O 2022 - Concello de Mugardos\" \/>\n<meta property=\"og:description\" content=\"Mugardos, 9 de febrero de 2022. La concejal de Servicios Sociales Ana Varela recuerda que el plazo para la solicitud de la exenci\u00f3n de las taxas de agua, basuras, saneamiento y EDAR para esta a\u00f1o 2022 termina este pr\u00f3ximo viernes La concejala quiso recordar que los dos requisitos principales para tener acceso a la exenci\u00f3n [&hellip;]\" \/>\n<meta property=\"og:url\" content=\"https:\/\/mugardos.gal\/es\/el-viernes-termina-el-plazo-para-solicitar-la-exencion-de-las-taxas-de-agua-basuras-saneamiento-y-edar-para-el-ano-2022\/\" \/>\n<meta property=\"og:site_name\" content=\"Concello de Mugardos\" \/>\n<meta property=\"article:published_time\" content=\"2022-02-09T12:31:23+00:00\" \/>\n<meta property=\"og:image\" content=\"https:\/\/mugardos.gal\/wp-content\/uploads\/2021\/06\/mugardos10.jpg\" \/>\n\t<meta property=\"og:image:width\" content=\"1205\" \/>\n\t<meta property=\"og:image:height\" content=\"1205\" \/>\n\t<meta property=\"og:image:type\" content=\"image\/jpeg\" \/>\n<meta name=\"twitter:card\" content=\"summary_large_image\" \/>\n<meta name=\"twitter:label1\" content=\"Escrito por\" \/>\n\t<meta name=\"twitter:data1\" content=\"maria_OCCIDENTE\" \/>\n\t<meta name=\"twitter:label2\" content=\"Tiempo de lectura\" \/>\n\t<meta name=\"twitter:data2\" content=\"2 minutos\" \/>\n<script type=\"application\/ld+json\" class=\"yoast-schema-graph\">{\"@context\":\"https:\/\/schema.org\",\"@graph\":[{\"@type\":\"WebSite\",\"@id\":\"https:\/\/mugardos.gal\/#website\",\"url\":\"https:\/\/mugardos.gal\/\",\"name\":\"Concello de Mugardos\",\"description\":\"\",\"potentialAction\":[{\"@type\":\"SearchAction\",\"target\":{\"@type\":\"EntryPoint\",\"urlTemplate\":\"https:\/\/mugardos.gal\/?s={search_term_string}\"},\"query-input\":\"required name=search_term_string\"}],\"inLanguage\":\"es\"},{\"@type\":\"ImageObject\",\"inLanguage\":\"es\",\"@id\":\"https:\/\/mugardos.gal\/es\/el-viernes-termina-el-plazo-para-solicitar-la-exencion-de-las-taxas-de-agua-basuras-saneamiento-y-edar-para-el-ano-2022\/#primaryimage\",\"url\":\"https:\/\/mugardos.gal\/wp-content\/uploads\/2021\/06\/mugardos10.jpg\",\"contentUrl\":\"https:\/\/mugardos.gal\/wp-content\/uploads\/2021\/06\/mugardos10.jpg\",\"width\":1205,\"height\":1205},{\"@type\":\"WebPage\",\"@id\":\"https:\/\/mugardos.gal\/es\/el-viernes-termina-el-plazo-para-solicitar-la-exencion-de-las-taxas-de-agua-basuras-saneamiento-y-edar-para-el-ano-2022\/#webpage\",\"url\":\"https:\/\/mugardos.gal\/es\/el-viernes-termina-el-plazo-para-solicitar-la-exencion-de-las-taxas-de-agua-basuras-saneamiento-y-edar-para-el-ano-2022\/\",\"name\":\"EL VIERNES TERMINA EL PLAZO PARA SOLICITAR LA EXENCI\u00d3N DE LAS TAXAS DE AGUA, BASURAS, SANEAMIENTO Y EDAR PARA EL A\u00d1O 2022 - Concello de Mugardos\",\"isPartOf\":{\"@id\":\"https:\/\/mugardos.gal\/#website\"},\"primaryImageOfPage\":{\"@id\":\"https:\/\/mugardos.gal\/es\/el-viernes-termina-el-plazo-para-solicitar-la-exencion-de-las-taxas-de-agua-basuras-saneamiento-y-edar-para-el-ano-2022\/#primaryimage\"},\"datePublished\":\"2022-02-09T12:31:23+00:00\",\"dateModified\":\"2022-02-09T12:31:23+00:00\",\"author\":{\"@id\":\"https:\/\/mugardos.gal\/#\/schema\/person\/5003de8d638a334108335f5dc158539f\"},\"breadcrumb\":{\"@id\":\"https:\/\/mugardos.gal\/es\/el-viernes-termina-el-plazo-para-solicitar-la-exencion-de-las-taxas-de-agua-basuras-saneamiento-y-edar-para-el-ano-2022\/#breadcrumb\"},\"inLanguage\":\"es\",\"potentialAction\":[{\"@type\":\"ReadAction\",\"target\":[\"https:\/\/mugardos.gal\/es\/el-viernes-termina-el-plazo-para-solicitar-la-exencion-de-las-taxas-de-agua-basuras-saneamiento-y-edar-para-el-ano-2022\/\"]}]},{\"@type\":\"BreadcrumbList\",\"@id\":\"https:\/\/mugardos.gal\/es\/el-viernes-termina-el-plazo-para-solicitar-la-exencion-de-las-taxas-de-agua-basuras-saneamiento-y-edar-para-el-ano-2022\/#breadcrumb\",\"itemListElement\":[{\"@type\":\"ListItem\",\"position\":1,\"name\":\"Portada\",\"item\":\"https:\/\/mugardos.gal\/es\/\"},{\"@type\":\"ListItem\",\"position\":2,\"name\":\"EL VIERNES TERMINA EL PLAZO PARA SOLICITAR LA EXENCI\u00d3N DE LAS TAXAS DE AGUA, BASURAS, SANEAMIENTO Y EDAR PARA EL A\u00d1O 2022\"}]},{\"@type\":\"Person\",\"@id\":\"https:\/\/mugardos.gal\/#\/schema\/person\/5003de8d638a334108335f5dc158539f\",\"name\":\"maria_OCCIDENTE\",\"url\":\"https:\/\/mugardos.gal\/es\/author\/maria_occidente\/\"}]}<\/script>\n<!-- \/ Yoast SEO plugin. -->","yoast_head_json":{"title":"EL VIERNES TERMINA EL PLAZO PARA SOLICITAR LA EXENCI\u00d3N DE LAS TAXAS DE AGUA, BASURAS, SANEAMIENTO Y EDAR PARA EL A\u00d1O 2022 - Concello de Mugardos","robots":{"index":"index","follow":"follow","max-snippet":"max-snippet:-1","max-image-preview":"max-image-preview:large","max-video-preview":"max-video-preview:-1"},"canonical":"https:\/\/mugardos.gal\/es\/el-viernes-termina-el-plazo-para-solicitar-la-exencion-de-las-taxas-de-agua-basuras-saneamiento-y-edar-para-el-ano-2022\/","og_locale":"es_ES","og_type":"article","og_title":"EL VIERNES TERMINA EL PLAZO PARA SOLICITAR LA EXENCI\u00d3N DE LAS TAXAS DE AGUA, BASURAS, SANEAMIENTO Y EDAR PARA EL A\u00d1O 2022 - Concello de Mugardos","og_description":"Mugardos, 9 de febrero de 2022. La concejal de Servicios Sociales Ana Varela recuerda que el plazo para la solicitud de la exenci\u00f3n de las taxas de agua, basuras, saneamiento y EDAR para esta a\u00f1o 2022 termina este pr\u00f3ximo viernes La concejala quiso recordar que los dos requisitos principales para tener acceso a la exenci\u00f3n [&hellip;]","og_url":"https:\/\/mugardos.gal\/es\/el-viernes-termina-el-plazo-para-solicitar-la-exencion-de-las-taxas-de-agua-basuras-saneamiento-y-edar-para-el-ano-2022\/","og_site_name":"Concello de Mugardos","article_published_time":"2022-02-09T12:31:23+00:00","og_image":[{"width":1205,"height":1205,"url":"https:\/\/mugardos.gal\/wp-content\/uploads\/2021\/06\/mugardos10.jpg","type":"image\/jpeg"}],"twitter_card":"summary_large_image","twitter_misc":{"Escrito por":"maria_OCCIDENTE","Tiempo de lectura":"2 minutos"},"schema":{"@context":"https:\/\/schema.org","@graph":[{"@type":"WebSite","@id":"https:\/\/mugardos.gal\/#website","url":"https:\/\/mugardos.gal\/","name":"Concello de Mugardos","description":"","potentialAction":[{"@type":"SearchAction","target":{"@type":"EntryPoint","urlTemplate":"https:\/\/mugardos.gal\/?s={search_term_string}"},"query-input":"required name=search_term_string"}],"inLanguage":"es"},{"@type":"ImageObject","inLanguage":"es","@id":"https:\/\/mugardos.gal\/es\/el-viernes-termina-el-plazo-para-solicitar-la-exencion-de-las-taxas-de-agua-basuras-saneamiento-y-edar-para-el-ano-2022\/#primaryimage","url":"https:\/\/mugardos.gal\/wp-content\/uploads\/2021\/06\/mugardos10.jpg","contentUrl":"https:\/\/mugardos.gal\/wp-content\/uploads\/2021\/06\/mugardos10.jpg","width":1205,"height":1205},{"@type":"WebPage","@id":"https:\/\/mugardos.gal\/es\/el-viernes-termina-el-plazo-para-solicitar-la-exencion-de-las-taxas-de-agua-basuras-saneamiento-y-edar-para-el-ano-2022\/#webpage","url":"https:\/\/mugardos.gal\/es\/el-viernes-termina-el-plazo-para-solicitar-la-exencion-de-las-taxas-de-agua-basuras-saneamiento-y-edar-para-el-ano-2022\/","name":"EL VIERNES TERMINA EL PLAZO PARA SOLICITAR LA EXENCI\u00d3N DE LAS TAXAS DE AGUA, BASURAS, SANEAMIENTO Y EDAR PARA EL A\u00d1O 2022 - Concello de Mugardos","isPartOf":{"@id":"https:\/\/mugardos.gal\/#website"},"primaryImageOfPage":{"@id":"https:\/\/mugardos.gal\/es\/el-viernes-termina-el-plazo-para-solicitar-la-exencion-de-las-taxas-de-agua-basuras-saneamiento-y-edar-para-el-ano-2022\/#primaryimage"},"datePublished":"2022-02-09T12:31:23+00:00","dateModified":"2022-02-09T12:31:23+00:00","author":{"@id":"https:\/\/mugardos.gal\/#\/schema\/person\/5003de8d638a334108335f5dc158539f"},"breadcrumb":{"@id":"https:\/\/mugardos.gal\/es\/el-viernes-termina-el-plazo-para-solicitar-la-exencion-de-las-taxas-de-agua-basuras-saneamiento-y-edar-para-el-ano-2022\/#breadcrumb"},"inLanguage":"es","potentialAction":[{"@type":"ReadAction","target":["https:\/\/mugardos.gal\/es\/el-viernes-termina-el-plazo-para-solicitar-la-exencion-de-las-taxas-de-agua-basuras-saneamiento-y-edar-para-el-ano-2022\/"]}]},{"@type":"BreadcrumbList","@id":"https:\/\/mugardos.gal\/es\/el-viernes-termina-el-plazo-para-solicitar-la-exencion-de-las-taxas-de-agua-basuras-saneamiento-y-edar-para-el-ano-2022\/#breadcrumb","itemListElement":[{"@type":"ListItem","position":1,"name":"Portada","item":"https:\/\/mugardos.gal\/es\/"},{"@type":"ListItem","position":2,"name":"EL VIERNES TERMINA EL PLAZO PARA SOLICITAR LA EXENCI\u00d3N DE LAS TAXAS DE AGUA, BASURAS, SANEAMIENTO Y EDAR PARA EL A\u00d1O 2022"}]},{"@type":"Person","@id":"https:\/\/mugardos.gal\/#\/schema\/person\/5003de8d638a334108335f5dc158539f","name":"maria_OCCIDENTE","url":"https:\/\/mugardos.gal\/es\/author\/maria_occidente\/"}]}},"_links":{"self":[{"href":"https:\/\/mugardos.gal\/es\/wp-json\/wp\/v2\/posts\/14305"}],"collection":[{"href":"https:\/\/mugardos.gal\/es\/wp-json\/wp\/v2\/posts"}],"about":[{"href":"https:\/\/mugardos.gal\/es\/wp-json\/wp\/v2\/types\/post"}],"author":[{"embeddable":true,"href":"https:\/\/mugardos.gal\/es\/wp-json\/wp\/v2\/users\/5"}],"replies":[{"embeddable":true,"href":"https:\/\/mugardos.gal\/es\/wp-json\/wp\/v2\/comments?post=14305"}],"version-history":[{"count":0,"href":"https:\/\/mugardos.gal\/es\/wp-json\/wp\/v2\/posts\/14305\/revisions"}],"wp:featuredmedia":[{"embeddable":true,"href":"https:\/\/mugardos.gal\/es\/wp-json\/wp\/v2\/media\/12433"}],"wp:attachment":[{"href":"https:\/\/mugardos.gal\/es\/wp-json\/wp\/v2\/media?parent=14305"}],"wp:term":[{"taxonomy":"category","embeddable":true,"href":"https:\/\/mugardos.gal\/es\/wp-json\/wp\/v2\/categories?post=14305"},{"taxonomy":"post_tag","embeddable":true,"href":"https:\/\/mugardos.gal\/es\/wp-json\/wp\/v2\/tags?post=14305"}],"curies":[{"name":"wp","href":"https:\/\/api.w.org\/{rel}","templated":true}]}}