{"id":14220,"date":"2022-01-28T15:53:48","date_gmt":"2022-01-28T13:53:48","guid":{"rendered":"https:\/\/mugardos.gal\/el-concello-de-mugardos-revisa-su-inventario-de-viales-y-estado-de-los-mismos\/"},"modified":"2022-01-28T16:05:23","modified_gmt":"2022-01-28T14:05:23","slug":"el-concello-de-mugardos-revisa-su-inventario-de-viales-y-estado-de-los-mismos","status":"publish","type":"post","link":"https:\/\/mugardos.gal\/es\/el-concello-de-mugardos-revisa-su-inventario-de-viales-y-estado-de-los-mismos\/","title":{"rendered":"EL CONCELLO DE MUGARDOS REVISA SU INVENTARIO DE VIALES Y ESTADO DE LOS MISMOS"},"content":{"rendered":"\n<p>Mugardos, 28 de enero de 2022.- El concejal de Movilidad y alcalde de Mugardos, Juan Domingo de Deus, y el edil de Obras y Servicios, Jorge Kuntz, informaron de que el gobierno municipal dio luz verde a la actualizaci\u00f3n del inventario de caminos municipales, con descripci\u00f3n del estado actual y an\u00e1lisis y cuantificaci\u00f3n de las reparaciones, con el objetivo de llevar a cabo un plan integral de obras y cobertura de los servicios b\u00e1sicos 2022-2023. <em>\u00a0<\/em>La actualizaci\u00f3n del inventario de viales municipales pretende acabar con los problemas de titularidad de caminos y espacios p\u00fablicos.<\/p>\n\n<p>Las concejal\u00edas de Movilidad, y Obras y Servicios trabajaron conjuntamente en esta propuesta que pretende acabar con una de las principales trabas que se encuentran en estos servicios a la hora de hacer reparaciones en determinados puntos del concello, as\u00ed como pedir subvenciones para realizar trabajos de mejora de los mismos.<\/p>\n\n<p>\u00abEn muchos casos recibimos quejas de los vecinos para que el concello haga reparaciones en caminos o pistaas que no podemos llevar a cabo porque no se encuentran recogidos en el inventario, y al no constar la titularidad municipal, desde la intervenci\u00f3n y la secretar\u00eda municipal no autorizan el gasto de dinero p\u00fablico para el arreglo en cuesti\u00f3n, ni la solicitud de los mismos a la Deputaci\u00f3n o a la Xunta de Galicia, ni mucho menos fondos europeos\u00bb explic\u00f3 Kuntz.<\/p>\n\n<p>Para terminar, Kuntz afirm\u00f3 que otra de las ventajas de este proyecto es que \u00abla tramitaci\u00f3n y autorizaci\u00f3n de arreglos en viales municipales podr\u00e1 realizarse m\u00e1s r\u00e1pidamente gracias a este trabajo de actualizaci\u00f3n del inventario\u00bb.<\/p>\n","protected":false},"excerpt":{"rendered":"<p>Mugardos, 28 de enero de 2022.- El concejal de Movilidad y alcalde de Mugardos, Juan Domingo de Deus, y el edil de Obras y Servicios, Jorge Kuntz, informaron de que el gobierno municipal dio luz verde a la actualizaci\u00f3n del inventario de caminos municipales, con descripci\u00f3n del estado actual y an\u00e1lisis y cuantificaci\u00f3n de las [&hellip;]<\/p>\n","protected":false},"author":5,"featured_media":14215,"comment_status":"closed","ping_status":"closed","sticky":false,"template":"","format":"standard","meta":[],"categories":[12,36],"tags":[],"yoast_head":"<!-- This site is optimized with the Yoast SEO plugin v18.9 - https:\/\/yoast.com\/wordpress\/plugins\/seo\/ -->\n<title>EL CONCELLO DE MUGARDOS REVISA SU INVENTARIO DE VIALES Y ESTADO DE LOS MISMOS - Concello de Mugardos<\/title>\n<meta name=\"robots\" content=\"index, follow, max-snippet:-1, max-image-preview:large, max-video-preview:-1\" \/>\n<link rel=\"canonical\" href=\"https:\/\/mugardos.gal\/es\/el-concello-de-mugardos-revisa-su-inventario-de-viales-y-estado-de-los-mismos\/\" \/>\n<meta property=\"og:locale\" content=\"es_ES\" \/>\n<meta property=\"og:type\" content=\"article\" \/>\n<meta property=\"og:title\" content=\"EL CONCELLO DE MUGARDOS REVISA SU INVENTARIO DE VIALES Y ESTADO DE LOS MISMOS - Concello de Mugardos\" \/>\n<meta property=\"og:description\" content=\"Mugardos, 28 de enero de 2022.- El concejal de Movilidad y alcalde de Mugardos, Juan Domingo de Deus, y el edil de Obras y Servicios, Jorge Kuntz, informaron de que el gobierno municipal dio luz verde a la actualizaci\u00f3n del inventario de caminos municipales, con descripci\u00f3n del estado actual y an\u00e1lisis y cuantificaci\u00f3n de las [&hellip;]\" \/>\n<meta property=\"og:url\" content=\"https:\/\/mugardos.gal\/es\/el-concello-de-mugardos-revisa-su-inventario-de-viales-y-estado-de-los-mismos\/\" \/>\n<meta property=\"og:site_name\" content=\"Concello de Mugardos\" \/>\n<meta property=\"article:published_time\" content=\"2022-01-28T13:53:48+00:00\" \/>\n<meta property=\"article:modified_time\" content=\"2022-01-28T14:05:23+00:00\" \/>\n<meta property=\"og:image\" content=\"https:\/\/mugardos.gal\/wp-content\/uploads\/2022\/01\/caminos-mugardos.jpg\" \/>\n\t<meta property=\"og:image:width\" content=\"1205\" \/>\n\t<meta property=\"og:image:height\" content=\"1205\" \/>\n\t<meta property=\"og:image:type\" content=\"image\/jpeg\" \/>\n<meta name=\"twitter:card\" content=\"summary_large_image\" \/>\n<meta name=\"twitter:label1\" content=\"Escrito por\" \/>\n\t<meta name=\"twitter:data1\" content=\"maria_OCCIDENTE\" \/>\n\t<meta name=\"twitter:label2\" content=\"Tiempo de lectura\" \/>\n\t<meta name=\"twitter:data2\" content=\"1 minuto\" \/>\n<script type=\"application\/ld+json\" class=\"yoast-schema-graph\">{\"@context\":\"https:\/\/schema.org\",\"@graph\":[{\"@type\":\"WebSite\",\"@id\":\"https:\/\/mugardos.gal\/#website\",\"url\":\"https:\/\/mugardos.gal\/\",\"name\":\"Concello de Mugardos\",\"description\":\"\",\"potentialAction\":[{\"@type\":\"SearchAction\",\"target\":{\"@type\":\"EntryPoint\",\"urlTemplate\":\"https:\/\/mugardos.gal\/?s={search_term_string}\"},\"query-input\":\"required name=search_term_string\"}],\"inLanguage\":\"es\"},{\"@type\":\"ImageObject\",\"inLanguage\":\"es\",\"@id\":\"https:\/\/mugardos.gal\/es\/el-concello-de-mugardos-revisa-su-inventario-de-viales-y-estado-de-los-mismos\/#primaryimage\",\"url\":\"https:\/\/mugardos.gal\/wp-content\/uploads\/2022\/01\/caminos-mugardos.jpg\",\"contentUrl\":\"https:\/\/mugardos.gal\/wp-content\/uploads\/2022\/01\/caminos-mugardos.jpg\",\"width\":1205,\"height\":1205},{\"@type\":\"WebPage\",\"@id\":\"https:\/\/mugardos.gal\/es\/el-concello-de-mugardos-revisa-su-inventario-de-viales-y-estado-de-los-mismos\/#webpage\",\"url\":\"https:\/\/mugardos.gal\/es\/el-concello-de-mugardos-revisa-su-inventario-de-viales-y-estado-de-los-mismos\/\",\"name\":\"EL CONCELLO DE MUGARDOS REVISA SU INVENTARIO DE VIALES Y ESTADO DE LOS MISMOS - Concello de Mugardos\",\"isPartOf\":{\"@id\":\"https:\/\/mugardos.gal\/#website\"},\"primaryImageOfPage\":{\"@id\":\"https:\/\/mugardos.gal\/es\/el-concello-de-mugardos-revisa-su-inventario-de-viales-y-estado-de-los-mismos\/#primaryimage\"},\"datePublished\":\"2022-01-28T13:53:48+00:00\",\"dateModified\":\"2022-01-28T14:05:23+00:00\",\"author\":{\"@id\":\"https:\/\/mugardos.gal\/#\/schema\/person\/5003de8d638a334108335f5dc158539f\"},\"breadcrumb\":{\"@id\":\"https:\/\/mugardos.gal\/es\/el-concello-de-mugardos-revisa-su-inventario-de-viales-y-estado-de-los-mismos\/#breadcrumb\"},\"inLanguage\":\"es\",\"potentialAction\":[{\"@type\":\"ReadAction\",\"target\":[\"https:\/\/mugardos.gal\/es\/el-concello-de-mugardos-revisa-su-inventario-de-viales-y-estado-de-los-mismos\/\"]}]},{\"@type\":\"BreadcrumbList\",\"@id\":\"https:\/\/mugardos.gal\/es\/el-concello-de-mugardos-revisa-su-inventario-de-viales-y-estado-de-los-mismos\/#breadcrumb\",\"itemListElement\":[{\"@type\":\"ListItem\",\"position\":1,\"name\":\"Portada\",\"item\":\"https:\/\/mugardos.gal\/es\/\"},{\"@type\":\"ListItem\",\"position\":2,\"name\":\"EL CONCELLO DE MUGARDOS REVISA SU INVENTARIO DE VIALES Y ESTADO DE LOS MISMOS\"}]},{\"@type\":\"Person\",\"@id\":\"https:\/\/mugardos.gal\/#\/schema\/person\/5003de8d638a334108335f5dc158539f\",\"name\":\"maria_OCCIDENTE\",\"url\":\"https:\/\/mugardos.gal\/es\/author\/maria_occidente\/\"}]}<\/script>\n<!-- \/ Yoast SEO plugin. -->","yoast_head_json":{"title":"EL CONCELLO DE MUGARDOS REVISA SU INVENTARIO DE VIALES Y ESTADO DE LOS MISMOS - Concello de Mugardos","robots":{"index":"index","follow":"follow","max-snippet":"max-snippet:-1","max-image-preview":"max-image-preview:large","max-video-preview":"max-video-preview:-1"},"canonical":"https:\/\/mugardos.gal\/es\/el-concello-de-mugardos-revisa-su-inventario-de-viales-y-estado-de-los-mismos\/","og_locale":"es_ES","og_type":"article","og_title":"EL CONCELLO DE MUGARDOS REVISA SU INVENTARIO DE VIALES Y ESTADO DE LOS MISMOS - Concello de Mugardos","og_description":"Mugardos, 28 de enero de 2022.- El concejal de Movilidad y alcalde de Mugardos, Juan Domingo de Deus, y el edil de Obras y Servicios, Jorge Kuntz, informaron de que el gobierno municipal dio luz verde a la actualizaci\u00f3n del inventario de caminos municipales, con descripci\u00f3n del estado actual y an\u00e1lisis y cuantificaci\u00f3n de las [&hellip;]","og_url":"https:\/\/mugardos.gal\/es\/el-concello-de-mugardos-revisa-su-inventario-de-viales-y-estado-de-los-mismos\/","og_site_name":"Concello de Mugardos","article_published_time":"2022-01-28T13:53:48+00:00","article_modified_time":"2022-01-28T14:05:23+00:00","og_image":[{"width":1205,"height":1205,"url":"https:\/\/mugardos.gal\/wp-content\/uploads\/2022\/01\/caminos-mugardos.jpg","type":"image\/jpeg"}],"twitter_card":"summary_large_image","twitter_misc":{"Escrito por":"maria_OCCIDENTE","Tiempo de lectura":"1 minuto"},"schema":{"@context":"https:\/\/schema.org","@graph":[{"@type":"WebSite","@id":"https:\/\/mugardos.gal\/#website","url":"https:\/\/mugardos.gal\/","name":"Concello de Mugardos","description":"","potentialAction":[{"@type":"SearchAction","target":{"@type":"EntryPoint","urlTemplate":"https:\/\/mugardos.gal\/?s={search_term_string}"},"query-input":"required name=search_term_string"}],"inLanguage":"es"},{"@type":"ImageObject","inLanguage":"es","@id":"https:\/\/mugardos.gal\/es\/el-concello-de-mugardos-revisa-su-inventario-de-viales-y-estado-de-los-mismos\/#primaryimage","url":"https:\/\/mugardos.gal\/wp-content\/uploads\/2022\/01\/caminos-mugardos.jpg","contentUrl":"https:\/\/mugardos.gal\/wp-content\/uploads\/2022\/01\/caminos-mugardos.jpg","width":1205,"height":1205},{"@type":"WebPage","@id":"https:\/\/mugardos.gal\/es\/el-concello-de-mugardos-revisa-su-inventario-de-viales-y-estado-de-los-mismos\/#webpage","url":"https:\/\/mugardos.gal\/es\/el-concello-de-mugardos-revisa-su-inventario-de-viales-y-estado-de-los-mismos\/","name":"EL CONCELLO DE MUGARDOS REVISA SU INVENTARIO DE VIALES Y ESTADO DE LOS MISMOS - Concello de Mugardos","isPartOf":{"@id":"https:\/\/mugardos.gal\/#website"},"primaryImageOfPage":{"@id":"https:\/\/mugardos.gal\/es\/el-concello-de-mugardos-revisa-su-inventario-de-viales-y-estado-de-los-mismos\/#primaryimage"},"datePublished":"2022-01-28T13:53:48+00:00","dateModified":"2022-01-28T14:05:23+00:00","author":{"@id":"https:\/\/mugardos.gal\/#\/schema\/person\/5003de8d638a334108335f5dc158539f"},"breadcrumb":{"@id":"https:\/\/mugardos.gal\/es\/el-concello-de-mugardos-revisa-su-inventario-de-viales-y-estado-de-los-mismos\/#breadcrumb"},"inLanguage":"es","potentialAction":[{"@type":"ReadAction","target":["https:\/\/mugardos.gal\/es\/el-concello-de-mugardos-revisa-su-inventario-de-viales-y-estado-de-los-mismos\/"]}]},{"@type":"BreadcrumbList","@id":"https:\/\/mugardos.gal\/es\/el-concello-de-mugardos-revisa-su-inventario-de-viales-y-estado-de-los-mismos\/#breadcrumb","itemListElement":[{"@type":"ListItem","position":1,"name":"Portada","item":"https:\/\/mugardos.gal\/es\/"},{"@type":"ListItem","position":2,"name":"EL CONCELLO DE MUGARDOS REVISA SU INVENTARIO DE VIALES Y ESTADO DE LOS MISMOS"}]},{"@type":"Person","@id":"https:\/\/mugardos.gal\/#\/schema\/person\/5003de8d638a334108335f5dc158539f","name":"maria_OCCIDENTE","url":"https:\/\/mugardos.gal\/es\/author\/maria_occidente\/"}]}},"_links":{"self":[{"href":"https:\/\/mugardos.gal\/es\/wp-json\/wp\/v2\/posts\/14220"}],"collection":[{"href":"https:\/\/mugardos.gal\/es\/wp-json\/wp\/v2\/posts"}],"about":[{"href":"https:\/\/mugardos.gal\/es\/wp-json\/wp\/v2\/types\/post"}],"author":[{"embeddable":true,"href":"https:\/\/mugardos.gal\/es\/wp-json\/wp\/v2\/users\/5"}],"replies":[{"embeddable":true,"href":"https:\/\/mugardos.gal\/es\/wp-json\/wp\/v2\/comments?post=14220"}],"version-history":[{"count":0,"href":"https:\/\/mugardos.gal\/es\/wp-json\/wp\/v2\/posts\/14220\/revisions"}],"wp:featuredmedia":[{"embeddable":true,"href":"https:\/\/mugardos.gal\/es\/wp-json\/wp\/v2\/media\/14215"}],"wp:attachment":[{"href":"https:\/\/mugardos.gal\/es\/wp-json\/wp\/v2\/media?parent=14220"}],"wp:term":[{"taxonomy":"category","embeddable":true,"href":"https:\/\/mugardos.gal\/es\/wp-json\/wp\/v2\/categories?post=14220"},{"taxonomy":"post_tag","embeddable":true,"href":"https:\/\/mugardos.gal\/es\/wp-json\/wp\/v2\/tags?post=14220"}],"curies":[{"name":"wp","href":"https:\/\/api.w.org\/{rel}","templated":true}]}}