{"id":13882,"date":"2021-11-30T11:59:39","date_gmt":"2021-11-30T09:59:39","guid":{"rendered":"https:\/\/mugardos.gal\/campana-de-nieve-2022\/"},"modified":"2021-11-30T11:59:39","modified_gmt":"2021-11-30T09:59:39","slug":"campana-de-nieve-2022","status":"publish","type":"post","link":"https:\/\/mugardos.gal\/es\/campana-de-nieve-2022\/","title":{"rendered":"Campa\u00f1a de nieve 2022"},"content":{"rendered":"\n<p>El Concello de Mugardos participa en la Campa\u00f1a de Invierno de la Deputaci\u00f3n da Coru\u00f1a. Ser\u00e1 en la estaci\u00f3n de esqu\u00ed de Parajes (Asturias). Inscripciones hasta el 14 de diciembre en el OMIX del Concello de Mugardos.<\/p>\n\n<div class=\"wp-block-file\"><a href=\"https:\/\/mugardos.gal\/wp-content\/uploads\/2021\/11\/Inverno_2022_-_triptico_A4__baixa.pdf\">Descargar informaci\u00f3n y ficha de inscripci\u00f3n<\/a><a href=\"https:\/\/mugardos.gal\/wp-content\/uploads\/2021\/11\/Inverno_2022_-_triptico_A4__baixa.pdf\" class=\"wp-block-file__button\" download=\"\">Descarga\t <\/a><\/div>\n","protected":false},"excerpt":{"rendered":"<p>El Concello de Mugardos participa en la Campa\u00f1a de Invierno de la Deputaci\u00f3n da Coru\u00f1a. Ser\u00e1 en la estaci\u00f3n de esqu\u00ed de Parajes (Asturias). Inscripciones hasta el 14 de diciembre en el OMIX del Concello de Mugardos.<\/p>\n","protected":false},"author":5,"featured_media":13904,"comment_status":"closed","ping_status":"closed","sticky":false,"template":"","format":"standard","meta":[],"categories":[51,12],"tags":[],"yoast_head":"<!-- This site is optimized with the Yoast SEO plugin v18.9 - https:\/\/yoast.com\/wordpress\/plugins\/seo\/ -->\n<title>Campa\u00f1a de nieve 2022 - Concello de Mugardos<\/title>\n<meta name=\"robots\" content=\"index, follow, max-snippet:-1, max-image-preview:large, max-video-preview:-1\" \/>\n<link rel=\"canonical\" href=\"https:\/\/mugardos.gal\/es\/campana-de-nieve-2022\/\" \/>\n<meta property=\"og:locale\" content=\"es_ES\" \/>\n<meta property=\"og:type\" content=\"article\" \/>\n<meta property=\"og:title\" content=\"Campa\u00f1a de nieve 2022 - Concello de Mugardos\" \/>\n<meta property=\"og:description\" content=\"El Concello de Mugardos participa en la Campa\u00f1a de Invierno de la Deputaci\u00f3n da Coru\u00f1a. Ser\u00e1 en la estaci\u00f3n de esqu\u00ed de Parajes (Asturias). Inscripciones hasta el 14 de diciembre en el OMIX del Concello de Mugardos.\" \/>\n<meta property=\"og:url\" content=\"https:\/\/mugardos.gal\/es\/campana-de-nieve-2022\/\" \/>\n<meta property=\"og:site_name\" content=\"Concello de Mugardos\" \/>\n<meta property=\"article:published_time\" content=\"2021-11-30T09:59:39+00:00\" \/>\n<meta property=\"og:image\" content=\"https:\/\/mugardos.gal\/wp-content\/uploads\/2021\/11\/Inverno_2022_cartel_25x42_FINAL__baixa-scaled.jpg\" \/>\n\t<meta property=\"og:image:width\" content=\"1813\" \/>\n\t<meta property=\"og:image:height\" content=\"2560\" \/>\n\t<meta property=\"og:image:type\" content=\"image\/jpeg\" \/>\n<meta name=\"twitter:card\" content=\"summary_large_image\" \/>\n<meta name=\"twitter:label1\" content=\"Escrito por\" \/>\n\t<meta name=\"twitter:data1\" content=\"maria_OCCIDENTE\" \/>\n<script type=\"application\/ld+json\" class=\"yoast-schema-graph\">{\"@context\":\"https:\/\/schema.org\",\"@graph\":[{\"@type\":\"WebSite\",\"@id\":\"https:\/\/mugardos.gal\/#website\",\"url\":\"https:\/\/mugardos.gal\/\",\"name\":\"Concello de Mugardos\",\"description\":\"\",\"potentialAction\":[{\"@type\":\"SearchAction\",\"target\":{\"@type\":\"EntryPoint\",\"urlTemplate\":\"https:\/\/mugardos.gal\/?s={search_term_string}\"},\"query-input\":\"required name=search_term_string\"}],\"inLanguage\":\"es\"},{\"@type\":\"ImageObject\",\"inLanguage\":\"es\",\"@id\":\"https:\/\/mugardos.gal\/es\/campana-de-nieve-2022\/#primaryimage\",\"url\":\"https:\/\/mugardos.gal\/wp-content\/uploads\/2021\/11\/Inverno_2022_cartel_25x42_FINAL__baixa-scaled.jpg\",\"contentUrl\":\"https:\/\/mugardos.gal\/wp-content\/uploads\/2021\/11\/Inverno_2022_cartel_25x42_FINAL__baixa-scaled.jpg\",\"width\":1813,\"height\":2560},{\"@type\":\"WebPage\",\"@id\":\"https:\/\/mugardos.gal\/es\/campana-de-nieve-2022\/#webpage\",\"url\":\"https:\/\/mugardos.gal\/es\/campana-de-nieve-2022\/\",\"name\":\"Campa\u00f1a de nieve 2022 - Concello de Mugardos\",\"isPartOf\":{\"@id\":\"https:\/\/mugardos.gal\/#website\"},\"primaryImageOfPage\":{\"@id\":\"https:\/\/mugardos.gal\/es\/campana-de-nieve-2022\/#primaryimage\"},\"datePublished\":\"2021-11-30T09:59:39+00:00\",\"dateModified\":\"2021-11-30T09:59:39+00:00\",\"author\":{\"@id\":\"https:\/\/mugardos.gal\/#\/schema\/person\/5003de8d638a334108335f5dc158539f\"},\"breadcrumb\":{\"@id\":\"https:\/\/mugardos.gal\/es\/campana-de-nieve-2022\/#breadcrumb\"},\"inLanguage\":\"es\",\"potentialAction\":[{\"@type\":\"ReadAction\",\"target\":[\"https:\/\/mugardos.gal\/es\/campana-de-nieve-2022\/\"]}]},{\"@type\":\"BreadcrumbList\",\"@id\":\"https:\/\/mugardos.gal\/es\/campana-de-nieve-2022\/#breadcrumb\",\"itemListElement\":[{\"@type\":\"ListItem\",\"position\":1,\"name\":\"Portada\",\"item\":\"https:\/\/mugardos.gal\/es\/\"},{\"@type\":\"ListItem\",\"position\":2,\"name\":\"Campa\u00f1a de nieve 2022\"}]},{\"@type\":\"Person\",\"@id\":\"https:\/\/mugardos.gal\/#\/schema\/person\/5003de8d638a334108335f5dc158539f\",\"name\":\"maria_OCCIDENTE\",\"url\":\"https:\/\/mugardos.gal\/es\/author\/maria_occidente\/\"}]}<\/script>\n<!-- \/ Yoast SEO plugin. -->","yoast_head_json":{"title":"Campa\u00f1a de nieve 2022 - Concello de Mugardos","robots":{"index":"index","follow":"follow","max-snippet":"max-snippet:-1","max-image-preview":"max-image-preview:large","max-video-preview":"max-video-preview:-1"},"canonical":"https:\/\/mugardos.gal\/es\/campana-de-nieve-2022\/","og_locale":"es_ES","og_type":"article","og_title":"Campa\u00f1a de nieve 2022 - Concello de Mugardos","og_description":"El Concello de Mugardos participa en la Campa\u00f1a de Invierno de la Deputaci\u00f3n da Coru\u00f1a. Ser\u00e1 en la estaci\u00f3n de esqu\u00ed de Parajes (Asturias). Inscripciones hasta el 14 de diciembre en el OMIX del Concello de Mugardos.","og_url":"https:\/\/mugardos.gal\/es\/campana-de-nieve-2022\/","og_site_name":"Concello de Mugardos","article_published_time":"2021-11-30T09:59:39+00:00","og_image":[{"width":1813,"height":2560,"url":"https:\/\/mugardos.gal\/wp-content\/uploads\/2021\/11\/Inverno_2022_cartel_25x42_FINAL__baixa-scaled.jpg","type":"image\/jpeg"}],"twitter_card":"summary_large_image","twitter_misc":{"Escrito por":"maria_OCCIDENTE"},"schema":{"@context":"https:\/\/schema.org","@graph":[{"@type":"WebSite","@id":"https:\/\/mugardos.gal\/#website","url":"https:\/\/mugardos.gal\/","name":"Concello de Mugardos","description":"","potentialAction":[{"@type":"SearchAction","target":{"@type":"EntryPoint","urlTemplate":"https:\/\/mugardos.gal\/?s={search_term_string}"},"query-input":"required name=search_term_string"}],"inLanguage":"es"},{"@type":"ImageObject","inLanguage":"es","@id":"https:\/\/mugardos.gal\/es\/campana-de-nieve-2022\/#primaryimage","url":"https:\/\/mugardos.gal\/wp-content\/uploads\/2021\/11\/Inverno_2022_cartel_25x42_FINAL__baixa-scaled.jpg","contentUrl":"https:\/\/mugardos.gal\/wp-content\/uploads\/2021\/11\/Inverno_2022_cartel_25x42_FINAL__baixa-scaled.jpg","width":1813,"height":2560},{"@type":"WebPage","@id":"https:\/\/mugardos.gal\/es\/campana-de-nieve-2022\/#webpage","url":"https:\/\/mugardos.gal\/es\/campana-de-nieve-2022\/","name":"Campa\u00f1a de nieve 2022 - Concello de Mugardos","isPartOf":{"@id":"https:\/\/mugardos.gal\/#website"},"primaryImageOfPage":{"@id":"https:\/\/mugardos.gal\/es\/campana-de-nieve-2022\/#primaryimage"},"datePublished":"2021-11-30T09:59:39+00:00","dateModified":"2021-11-30T09:59:39+00:00","author":{"@id":"https:\/\/mugardos.gal\/#\/schema\/person\/5003de8d638a334108335f5dc158539f"},"breadcrumb":{"@id":"https:\/\/mugardos.gal\/es\/campana-de-nieve-2022\/#breadcrumb"},"inLanguage":"es","potentialAction":[{"@type":"ReadAction","target":["https:\/\/mugardos.gal\/es\/campana-de-nieve-2022\/"]}]},{"@type":"BreadcrumbList","@id":"https:\/\/mugardos.gal\/es\/campana-de-nieve-2022\/#breadcrumb","itemListElement":[{"@type":"ListItem","position":1,"name":"Portada","item":"https:\/\/mugardos.gal\/es\/"},{"@type":"ListItem","position":2,"name":"Campa\u00f1a de nieve 2022"}]},{"@type":"Person","@id":"https:\/\/mugardos.gal\/#\/schema\/person\/5003de8d638a334108335f5dc158539f","name":"maria_OCCIDENTE","url":"https:\/\/mugardos.gal\/es\/author\/maria_occidente\/"}]}},"_links":{"self":[{"href":"https:\/\/mugardos.gal\/es\/wp-json\/wp\/v2\/posts\/13882"}],"collection":[{"href":"https:\/\/mugardos.gal\/es\/wp-json\/wp\/v2\/posts"}],"about":[{"href":"https:\/\/mugardos.gal\/es\/wp-json\/wp\/v2\/types\/post"}],"author":[{"embeddable":true,"href":"https:\/\/mugardos.gal\/es\/wp-json\/wp\/v2\/users\/5"}],"replies":[{"embeddable":true,"href":"https:\/\/mugardos.gal\/es\/wp-json\/wp\/v2\/comments?post=13882"}],"version-history":[{"count":0,"href":"https:\/\/mugardos.gal\/es\/wp-json\/wp\/v2\/posts\/13882\/revisions"}],"wp:featuredmedia":[{"embeddable":true,"href":"https:\/\/mugardos.gal\/es\/wp-json\/wp\/v2\/media\/13904"}],"wp:attachment":[{"href":"https:\/\/mugardos.gal\/es\/wp-json\/wp\/v2\/media?parent=13882"}],"wp:term":[{"taxonomy":"category","embeddable":true,"href":"https:\/\/mugardos.gal\/es\/wp-json\/wp\/v2\/categories?post=13882"},{"taxonomy":"post_tag","embeddable":true,"href":"https:\/\/mugardos.gal\/es\/wp-json\/wp\/v2\/tags?post=13882"}],"curies":[{"name":"wp","href":"https:\/\/api.w.org\/{rel}","templated":true}]}}