{"id":13117,"date":"2021-08-06T15:09:54","date_gmt":"2021-08-06T13:09:54","guid":{"rendered":"https:\/\/mugardos.gal\/taller-para-fabricar-tu-mascara-romana-en-el-museo-de-o-caldoval\/"},"modified":"2021-08-06T15:10:00","modified_gmt":"2021-08-06T13:10:00","slug":"taller-para-fabricar-tu-mascara-romana-en-el-museo-de-o-caldoval","status":"publish","type":"post","link":"https:\/\/mugardos.gal\/es\/taller-para-fabricar-tu-mascara-romana-en-el-museo-de-o-caldoval\/","title":{"rendered":"Taller para fabricar tu m\u00e1scara romana en el Museo de O Caldoval"},"content":{"rendered":"\n<p>Tras el \u00e9xito alcanzado mediante la enorme participaci\u00f3n ciudadana en las actividades y talleres realizados por el Centro de Interpretaci\u00f3n de Caldoval durante el pasado mes de julio, se continuar\u00e1 con la oferta de este tipo de actividades especiales de verano durante el mes de agosto.<\/p>\n\n<p>La primeira de la lista ser\u00e1 <em>Puro Theatrum<\/em>, un taller especial en el que sus participantes podr\u00e1n dise\u00f1ar y fabricar sus propias m\u00e1scaras de teatro romanas. C\u00f3mo luc\u00edan los romanos para salir a escena? Qu\u00e9 tipo de representaciones teatrales llevaban a cabo? En qu\u00e9 lugares las realizaban? Un taller familiar para conocer el mundo del teatro en la Antigua Roma (vestuario, maquillaje, escenograf\u00edas, etc) y caracterizarse como verdaderos actores y actrices de la antig\u00fcedad.<\/p>\n\n<p>El pr\u00f3ximo s\u00e1bado 7 y domingo 8, en horario de ma\u00f1ana a las 11:30 h y de tarde a las 17:30 h, son los d\u00edas escogidos para el desarrollo de esta actividad para la que ser\u00e1 necesario inscribirse previamente a trav\u00e9s del correo del centro (<a href=\"mailto:info@museocaldoval.gal\">info@museocaldoval.gal<\/a>) o llamando al 687 07 21 16, en horario de apertura.<\/p>\n","protected":false},"excerpt":{"rendered":"<p>Tras el \u00e9xito alcanzado mediante la enorme participaci\u00f3n ciudadana en las actividades y talleres realizados por el Centro de Interpretaci\u00f3n de Caldoval durante el pasado mes de julio, se continuar\u00e1 con la oferta de este tipo de actividades especiales de verano durante el mes de agosto. La primeira de la lista ser\u00e1 Puro Theatrum, un [&hellip;]<\/p>\n","protected":false},"author":5,"featured_media":13115,"comment_status":"closed","ping_status":"closed","sticky":false,"template":"","format":"standard","meta":[],"categories":[50,12],"tags":[],"yoast_head":"<!-- This site is optimized with the Yoast SEO plugin v18.9 - https:\/\/yoast.com\/wordpress\/plugins\/seo\/ -->\n<title>Taller para fabricar tu m\u00e1scara romana en el Museo de O Caldoval - Concello de Mugardos<\/title>\n<meta name=\"robots\" content=\"index, follow, max-snippet:-1, max-image-preview:large, max-video-preview:-1\" \/>\n<link rel=\"canonical\" href=\"https:\/\/mugardos.gal\/es\/taller-para-fabricar-tu-mascara-romana-en-el-museo-de-o-caldoval\/\" \/>\n<meta property=\"og:locale\" content=\"es_ES\" \/>\n<meta property=\"og:type\" content=\"article\" \/>\n<meta property=\"og:title\" content=\"Taller para fabricar tu m\u00e1scara romana en el Museo de O Caldoval - Concello de Mugardos\" \/>\n<meta property=\"og:description\" content=\"Tras el \u00e9xito alcanzado mediante la enorme participaci\u00f3n ciudadana en las actividades y talleres realizados por el Centro de Interpretaci\u00f3n de Caldoval durante el pasado mes de julio, se continuar\u00e1 con la oferta de este tipo de actividades especiales de verano durante el mes de agosto. La primeira de la lista ser\u00e1 Puro Theatrum, un [&hellip;]\" \/>\n<meta property=\"og:url\" content=\"https:\/\/mugardos.gal\/es\/taller-para-fabricar-tu-mascara-romana-en-el-museo-de-o-caldoval\/\" \/>\n<meta property=\"og:site_name\" content=\"Concello de Mugardos\" \/>\n<meta property=\"article:published_time\" content=\"2021-08-06T13:09:54+00:00\" \/>\n<meta property=\"article:modified_time\" content=\"2021-08-06T13:10:00+00:00\" \/>\n<meta property=\"og:image\" content=\"https:\/\/mugardos.gal\/wp-content\/uploads\/2021\/08\/Cartel-Puro-Theatrum.jpeg\" \/>\n\t<meta property=\"og:image:width\" content=\"1131\" \/>\n\t<meta property=\"og:image:height\" content=\"1600\" \/>\n\t<meta property=\"og:image:type\" content=\"image\/jpeg\" \/>\n<meta name=\"twitter:card\" content=\"summary_large_image\" \/>\n<meta name=\"twitter:label1\" content=\"Escrito por\" \/>\n\t<meta name=\"twitter:data1\" content=\"maria_OCCIDENTE\" \/>\n\t<meta name=\"twitter:label2\" content=\"Tiempo de lectura\" \/>\n\t<meta name=\"twitter:data2\" content=\"1 minuto\" \/>\n<script type=\"application\/ld+json\" class=\"yoast-schema-graph\">{\"@context\":\"https:\/\/schema.org\",\"@graph\":[{\"@type\":\"WebSite\",\"@id\":\"https:\/\/mugardos.gal\/#website\",\"url\":\"https:\/\/mugardos.gal\/\",\"name\":\"Concello de Mugardos\",\"description\":\"\",\"potentialAction\":[{\"@type\":\"SearchAction\",\"target\":{\"@type\":\"EntryPoint\",\"urlTemplate\":\"https:\/\/mugardos.gal\/?s={search_term_string}\"},\"query-input\":\"required name=search_term_string\"}],\"inLanguage\":\"es\"},{\"@type\":\"ImageObject\",\"inLanguage\":\"es\",\"@id\":\"https:\/\/mugardos.gal\/es\/taller-para-fabricar-tu-mascara-romana-en-el-museo-de-o-caldoval\/#primaryimage\",\"url\":\"https:\/\/mugardos.gal\/wp-content\/uploads\/2021\/08\/Cartel-Puro-Theatrum.jpeg\",\"contentUrl\":\"https:\/\/mugardos.gal\/wp-content\/uploads\/2021\/08\/Cartel-Puro-Theatrum.jpeg\",\"width\":1131,\"height\":1600},{\"@type\":\"WebPage\",\"@id\":\"https:\/\/mugardos.gal\/es\/taller-para-fabricar-tu-mascara-romana-en-el-museo-de-o-caldoval\/#webpage\",\"url\":\"https:\/\/mugardos.gal\/es\/taller-para-fabricar-tu-mascara-romana-en-el-museo-de-o-caldoval\/\",\"name\":\"Taller para fabricar tu m\u00e1scara romana en el Museo de O Caldoval - Concello de Mugardos\",\"isPartOf\":{\"@id\":\"https:\/\/mugardos.gal\/#website\"},\"primaryImageOfPage\":{\"@id\":\"https:\/\/mugardos.gal\/es\/taller-para-fabricar-tu-mascara-romana-en-el-museo-de-o-caldoval\/#primaryimage\"},\"datePublished\":\"2021-08-06T13:09:54+00:00\",\"dateModified\":\"2021-08-06T13:10:00+00:00\",\"author\":{\"@id\":\"https:\/\/mugardos.gal\/#\/schema\/person\/5003de8d638a334108335f5dc158539f\"},\"breadcrumb\":{\"@id\":\"https:\/\/mugardos.gal\/es\/taller-para-fabricar-tu-mascara-romana-en-el-museo-de-o-caldoval\/#breadcrumb\"},\"inLanguage\":\"es\",\"potentialAction\":[{\"@type\":\"ReadAction\",\"target\":[\"https:\/\/mugardos.gal\/es\/taller-para-fabricar-tu-mascara-romana-en-el-museo-de-o-caldoval\/\"]}]},{\"@type\":\"BreadcrumbList\",\"@id\":\"https:\/\/mugardos.gal\/es\/taller-para-fabricar-tu-mascara-romana-en-el-museo-de-o-caldoval\/#breadcrumb\",\"itemListElement\":[{\"@type\":\"ListItem\",\"position\":1,\"name\":\"Portada\",\"item\":\"https:\/\/mugardos.gal\/es\/\"},{\"@type\":\"ListItem\",\"position\":2,\"name\":\"Taller para fabricar tu m\u00e1scara romana en el Museo de O Caldoval\"}]},{\"@type\":\"Person\",\"@id\":\"https:\/\/mugardos.gal\/#\/schema\/person\/5003de8d638a334108335f5dc158539f\",\"name\":\"maria_OCCIDENTE\",\"url\":\"https:\/\/mugardos.gal\/es\/author\/maria_occidente\/\"}]}<\/script>\n<!-- \/ Yoast SEO plugin. -->","yoast_head_json":{"title":"Taller para fabricar tu m\u00e1scara romana en el Museo de O Caldoval - Concello de Mugardos","robots":{"index":"index","follow":"follow","max-snippet":"max-snippet:-1","max-image-preview":"max-image-preview:large","max-video-preview":"max-video-preview:-1"},"canonical":"https:\/\/mugardos.gal\/es\/taller-para-fabricar-tu-mascara-romana-en-el-museo-de-o-caldoval\/","og_locale":"es_ES","og_type":"article","og_title":"Taller para fabricar tu m\u00e1scara romana en el Museo de O Caldoval - Concello de Mugardos","og_description":"Tras el \u00e9xito alcanzado mediante la enorme participaci\u00f3n ciudadana en las actividades y talleres realizados por el Centro de Interpretaci\u00f3n de Caldoval durante el pasado mes de julio, se continuar\u00e1 con la oferta de este tipo de actividades especiales de verano durante el mes de agosto. La primeira de la lista ser\u00e1 Puro Theatrum, un [&hellip;]","og_url":"https:\/\/mugardos.gal\/es\/taller-para-fabricar-tu-mascara-romana-en-el-museo-de-o-caldoval\/","og_site_name":"Concello de Mugardos","article_published_time":"2021-08-06T13:09:54+00:00","article_modified_time":"2021-08-06T13:10:00+00:00","og_image":[{"width":1131,"height":1600,"url":"https:\/\/mugardos.gal\/wp-content\/uploads\/2021\/08\/Cartel-Puro-Theatrum.jpeg","type":"image\/jpeg"}],"twitter_card":"summary_large_image","twitter_misc":{"Escrito por":"maria_OCCIDENTE","Tiempo de lectura":"1 minuto"},"schema":{"@context":"https:\/\/schema.org","@graph":[{"@type":"WebSite","@id":"https:\/\/mugardos.gal\/#website","url":"https:\/\/mugardos.gal\/","name":"Concello de Mugardos","description":"","potentialAction":[{"@type":"SearchAction","target":{"@type":"EntryPoint","urlTemplate":"https:\/\/mugardos.gal\/?s={search_term_string}"},"query-input":"required name=search_term_string"}],"inLanguage":"es"},{"@type":"ImageObject","inLanguage":"es","@id":"https:\/\/mugardos.gal\/es\/taller-para-fabricar-tu-mascara-romana-en-el-museo-de-o-caldoval\/#primaryimage","url":"https:\/\/mugardos.gal\/wp-content\/uploads\/2021\/08\/Cartel-Puro-Theatrum.jpeg","contentUrl":"https:\/\/mugardos.gal\/wp-content\/uploads\/2021\/08\/Cartel-Puro-Theatrum.jpeg","width":1131,"height":1600},{"@type":"WebPage","@id":"https:\/\/mugardos.gal\/es\/taller-para-fabricar-tu-mascara-romana-en-el-museo-de-o-caldoval\/#webpage","url":"https:\/\/mugardos.gal\/es\/taller-para-fabricar-tu-mascara-romana-en-el-museo-de-o-caldoval\/","name":"Taller para fabricar tu m\u00e1scara romana en el Museo de O Caldoval - Concello de Mugardos","isPartOf":{"@id":"https:\/\/mugardos.gal\/#website"},"primaryImageOfPage":{"@id":"https:\/\/mugardos.gal\/es\/taller-para-fabricar-tu-mascara-romana-en-el-museo-de-o-caldoval\/#primaryimage"},"datePublished":"2021-08-06T13:09:54+00:00","dateModified":"2021-08-06T13:10:00+00:00","author":{"@id":"https:\/\/mugardos.gal\/#\/schema\/person\/5003de8d638a334108335f5dc158539f"},"breadcrumb":{"@id":"https:\/\/mugardos.gal\/es\/taller-para-fabricar-tu-mascara-romana-en-el-museo-de-o-caldoval\/#breadcrumb"},"inLanguage":"es","potentialAction":[{"@type":"ReadAction","target":["https:\/\/mugardos.gal\/es\/taller-para-fabricar-tu-mascara-romana-en-el-museo-de-o-caldoval\/"]}]},{"@type":"BreadcrumbList","@id":"https:\/\/mugardos.gal\/es\/taller-para-fabricar-tu-mascara-romana-en-el-museo-de-o-caldoval\/#breadcrumb","itemListElement":[{"@type":"ListItem","position":1,"name":"Portada","item":"https:\/\/mugardos.gal\/es\/"},{"@type":"ListItem","position":2,"name":"Taller para fabricar tu m\u00e1scara romana en el Museo de O Caldoval"}]},{"@type":"Person","@id":"https:\/\/mugardos.gal\/#\/schema\/person\/5003de8d638a334108335f5dc158539f","name":"maria_OCCIDENTE","url":"https:\/\/mugardos.gal\/es\/author\/maria_occidente\/"}]}},"_links":{"self":[{"href":"https:\/\/mugardos.gal\/es\/wp-json\/wp\/v2\/posts\/13117"}],"collection":[{"href":"https:\/\/mugardos.gal\/es\/wp-json\/wp\/v2\/posts"}],"about":[{"href":"https:\/\/mugardos.gal\/es\/wp-json\/wp\/v2\/types\/post"}],"author":[{"embeddable":true,"href":"https:\/\/mugardos.gal\/es\/wp-json\/wp\/v2\/users\/5"}],"replies":[{"embeddable":true,"href":"https:\/\/mugardos.gal\/es\/wp-json\/wp\/v2\/comments?post=13117"}],"version-history":[{"count":0,"href":"https:\/\/mugardos.gal\/es\/wp-json\/wp\/v2\/posts\/13117\/revisions"}],"wp:featuredmedia":[{"embeddable":true,"href":"https:\/\/mugardos.gal\/es\/wp-json\/wp\/v2\/media\/13115"}],"wp:attachment":[{"href":"https:\/\/mugardos.gal\/es\/wp-json\/wp\/v2\/media?parent=13117"}],"wp:term":[{"taxonomy":"category","embeddable":true,"href":"https:\/\/mugardos.gal\/es\/wp-json\/wp\/v2\/categories?post=13117"},{"taxonomy":"post_tag","embeddable":true,"href":"https:\/\/mugardos.gal\/es\/wp-json\/wp\/v2\/tags?post=13117"}],"curies":[{"name":"wp","href":"https:\/\/api.w.org\/{rel}","templated":true}]}}