{"id":13047,"date":"2021-07-26T14:47:11","date_gmt":"2021-07-26T12:47:11","guid":{"rendered":"https:\/\/mugardos.gal\/el-ayuntamiento-instalara-una-pantalla-de-television-para-seguir-la-participacion-de-belen-toimil-en-los-juegos-olimpicos-el-viernes-30-de-julio\/"},"modified":"2021-07-26T14:47:11","modified_gmt":"2021-07-26T12:47:11","slug":"el-ayuntamiento-instalara-una-pantalla-de-television-para-seguir-la-participacion-de-belen-toimil-en-los-juegos-olimpicos-el-viernes-30-de-julio","status":"publish","type":"post","link":"https:\/\/mugardos.gal\/es\/el-ayuntamiento-instalara-una-pantalla-de-television-para-seguir-la-participacion-de-belen-toimil-en-los-juegos-olimpicos-el-viernes-30-de-julio\/","title":{"rendered":"El Ayuntamiento instalar\u00e1 una pantalla de televisi\u00f3n para seguir la participaci\u00f3n de Bel\u00e9n Toimil en los Juegos Ol\u00edmpicos, el viernes 30 de julio"},"content":{"rendered":"\n<p>El Ayuntamiento instalar\u00e1 una pantalla de televisi\u00f3n gigante para seguir la clasificaci\u00f3n de la lanzadora de peso mugardesa Bel\u00e9n Toimil en los juegos ol\u00edmpicos de Tokio. La cita es el viernes 30 de julio a las 12:25 horas frente al Ayuntamiento. Tod@s a animar a Bel\u00e9n!!! <\/p>\n","protected":false},"excerpt":{"rendered":"<p>El Ayuntamiento instalar\u00e1 una pantalla de televisi\u00f3n gigante para seguir la clasificaci\u00f3n de la lanzadora de peso mugardesa Bel\u00e9n Toimil en los juegos ol\u00edmpicos de Tokio. La cita es el viernes 30 de julio a las 12:25 horas frente al Ayuntamiento. Tod@s a animar a Bel\u00e9n!!!<\/p>\n","protected":false},"author":5,"featured_media":13045,"comment_status":"closed","ping_status":"closed","sticky":false,"template":"","format":"standard","meta":[],"categories":[51,12],"tags":[],"yoast_head":"<!-- This site is optimized with the Yoast SEO plugin v18.9 - https:\/\/yoast.com\/wordpress\/plugins\/seo\/ -->\n<title>El Ayuntamiento instalar\u00e1 una pantalla de televisi\u00f3n para seguir la participaci\u00f3n de Bel\u00e9n Toimil en los Juegos Ol\u00edmpicos, el viernes 30 de julio - Concello de Mugardos<\/title>\n<meta name=\"robots\" content=\"index, follow, max-snippet:-1, max-image-preview:large, max-video-preview:-1\" \/>\n<link rel=\"canonical\" href=\"https:\/\/mugardos.gal\/es\/el-ayuntamiento-instalara-una-pantalla-de-television-para-seguir-la-participacion-de-belen-toimil-en-los-juegos-olimpicos-el-viernes-30-de-julio\/\" \/>\n<meta property=\"og:locale\" content=\"es_ES\" \/>\n<meta property=\"og:type\" content=\"article\" \/>\n<meta property=\"og:title\" content=\"El Ayuntamiento instalar\u00e1 una pantalla de televisi\u00f3n para seguir la participaci\u00f3n de Bel\u00e9n Toimil en los Juegos Ol\u00edmpicos, el viernes 30 de julio - Concello de Mugardos\" \/>\n<meta property=\"og:description\" content=\"El Ayuntamiento instalar\u00e1 una pantalla de televisi\u00f3n gigante para seguir la clasificaci\u00f3n de la lanzadora de peso mugardesa Bel\u00e9n Toimil en los juegos ol\u00edmpicos de Tokio. La cita es el viernes 30 de julio a las 12:25 horas frente al Ayuntamiento. Tod@s a animar a Bel\u00e9n!!!\" \/>\n<meta property=\"og:url\" content=\"https:\/\/mugardos.gal\/es\/el-ayuntamiento-instalara-una-pantalla-de-television-para-seguir-la-participacion-de-belen-toimil-en-los-juegos-olimpicos-el-viernes-30-de-julio\/\" \/>\n<meta property=\"og:site_name\" content=\"Concello de Mugardos\" \/>\n<meta property=\"article:published_time\" content=\"2021-07-26T12:47:11+00:00\" \/>\n<meta property=\"og:image\" content=\"https:\/\/mugardos.gal\/wp-content\/uploads\/2021\/07\/belen.jpg\" \/>\n\t<meta property=\"og:image:width\" content=\"1205\" \/>\n\t<meta property=\"og:image:height\" content=\"1205\" \/>\n\t<meta property=\"og:image:type\" content=\"image\/jpeg\" \/>\n<meta name=\"twitter:card\" content=\"summary_large_image\" \/>\n<meta name=\"twitter:label1\" content=\"Escrito por\" \/>\n\t<meta name=\"twitter:data1\" content=\"maria_OCCIDENTE\" \/>\n<script type=\"application\/ld+json\" class=\"yoast-schema-graph\">{\"@context\":\"https:\/\/schema.org\",\"@graph\":[{\"@type\":\"WebSite\",\"@id\":\"https:\/\/mugardos.gal\/#website\",\"url\":\"https:\/\/mugardos.gal\/\",\"name\":\"Concello de Mugardos\",\"description\":\"\",\"potentialAction\":[{\"@type\":\"SearchAction\",\"target\":{\"@type\":\"EntryPoint\",\"urlTemplate\":\"https:\/\/mugardos.gal\/?s={search_term_string}\"},\"query-input\":\"required name=search_term_string\"}],\"inLanguage\":\"es\"},{\"@type\":\"ImageObject\",\"inLanguage\":\"es\",\"@id\":\"https:\/\/mugardos.gal\/es\/el-ayuntamiento-instalara-una-pantalla-de-television-para-seguir-la-participacion-de-belen-toimil-en-los-juegos-olimpicos-el-viernes-30-de-julio\/#primaryimage\",\"url\":\"https:\/\/mugardos.gal\/wp-content\/uploads\/2021\/07\/belen.jpg\",\"contentUrl\":\"https:\/\/mugardos.gal\/wp-content\/uploads\/2021\/07\/belen.jpg\",\"width\":1205,\"height\":1205},{\"@type\":\"WebPage\",\"@id\":\"https:\/\/mugardos.gal\/es\/el-ayuntamiento-instalara-una-pantalla-de-television-para-seguir-la-participacion-de-belen-toimil-en-los-juegos-olimpicos-el-viernes-30-de-julio\/#webpage\",\"url\":\"https:\/\/mugardos.gal\/es\/el-ayuntamiento-instalara-una-pantalla-de-television-para-seguir-la-participacion-de-belen-toimil-en-los-juegos-olimpicos-el-viernes-30-de-julio\/\",\"name\":\"El Ayuntamiento instalar\u00e1 una pantalla de televisi\u00f3n para seguir la participaci\u00f3n de Bel\u00e9n Toimil en los Juegos Ol\u00edmpicos, el viernes 30 de julio - Concello de Mugardos\",\"isPartOf\":{\"@id\":\"https:\/\/mugardos.gal\/#website\"},\"primaryImageOfPage\":{\"@id\":\"https:\/\/mugardos.gal\/es\/el-ayuntamiento-instalara-una-pantalla-de-television-para-seguir-la-participacion-de-belen-toimil-en-los-juegos-olimpicos-el-viernes-30-de-julio\/#primaryimage\"},\"datePublished\":\"2021-07-26T12:47:11+00:00\",\"dateModified\":\"2021-07-26T12:47:11+00:00\",\"author\":{\"@id\":\"https:\/\/mugardos.gal\/#\/schema\/person\/5003de8d638a334108335f5dc158539f\"},\"breadcrumb\":{\"@id\":\"https:\/\/mugardos.gal\/es\/el-ayuntamiento-instalara-una-pantalla-de-television-para-seguir-la-participacion-de-belen-toimil-en-los-juegos-olimpicos-el-viernes-30-de-julio\/#breadcrumb\"},\"inLanguage\":\"es\",\"potentialAction\":[{\"@type\":\"ReadAction\",\"target\":[\"https:\/\/mugardos.gal\/es\/el-ayuntamiento-instalara-una-pantalla-de-television-para-seguir-la-participacion-de-belen-toimil-en-los-juegos-olimpicos-el-viernes-30-de-julio\/\"]}]},{\"@type\":\"BreadcrumbList\",\"@id\":\"https:\/\/mugardos.gal\/es\/el-ayuntamiento-instalara-una-pantalla-de-television-para-seguir-la-participacion-de-belen-toimil-en-los-juegos-olimpicos-el-viernes-30-de-julio\/#breadcrumb\",\"itemListElement\":[{\"@type\":\"ListItem\",\"position\":1,\"name\":\"Portada\",\"item\":\"https:\/\/mugardos.gal\/es\/\"},{\"@type\":\"ListItem\",\"position\":2,\"name\":\"El Ayuntamiento instalar\u00e1 una pantalla de televisi\u00f3n para seguir la participaci\u00f3n de Bel\u00e9n Toimil en los Juegos Ol\u00edmpicos, el viernes 30 de julio\"}]},{\"@type\":\"Person\",\"@id\":\"https:\/\/mugardos.gal\/#\/schema\/person\/5003de8d638a334108335f5dc158539f\",\"name\":\"maria_OCCIDENTE\",\"url\":\"https:\/\/mugardos.gal\/es\/author\/maria_occidente\/\"}]}<\/script>\n<!-- \/ Yoast SEO plugin. -->","yoast_head_json":{"title":"El Ayuntamiento instalar\u00e1 una pantalla de televisi\u00f3n para seguir la participaci\u00f3n de Bel\u00e9n Toimil en los Juegos Ol\u00edmpicos, el viernes 30 de julio - Concello de Mugardos","robots":{"index":"index","follow":"follow","max-snippet":"max-snippet:-1","max-image-preview":"max-image-preview:large","max-video-preview":"max-video-preview:-1"},"canonical":"https:\/\/mugardos.gal\/es\/el-ayuntamiento-instalara-una-pantalla-de-television-para-seguir-la-participacion-de-belen-toimil-en-los-juegos-olimpicos-el-viernes-30-de-julio\/","og_locale":"es_ES","og_type":"article","og_title":"El Ayuntamiento instalar\u00e1 una pantalla de televisi\u00f3n para seguir la participaci\u00f3n de Bel\u00e9n Toimil en los Juegos Ol\u00edmpicos, el viernes 30 de julio - Concello de Mugardos","og_description":"El Ayuntamiento instalar\u00e1 una pantalla de televisi\u00f3n gigante para seguir la clasificaci\u00f3n de la lanzadora de peso mugardesa Bel\u00e9n Toimil en los juegos ol\u00edmpicos de Tokio. La cita es el viernes 30 de julio a las 12:25 horas frente al Ayuntamiento. Tod@s a animar a Bel\u00e9n!!!","og_url":"https:\/\/mugardos.gal\/es\/el-ayuntamiento-instalara-una-pantalla-de-television-para-seguir-la-participacion-de-belen-toimil-en-los-juegos-olimpicos-el-viernes-30-de-julio\/","og_site_name":"Concello de Mugardos","article_published_time":"2021-07-26T12:47:11+00:00","og_image":[{"width":1205,"height":1205,"url":"https:\/\/mugardos.gal\/wp-content\/uploads\/2021\/07\/belen.jpg","type":"image\/jpeg"}],"twitter_card":"summary_large_image","twitter_misc":{"Escrito por":"maria_OCCIDENTE"},"schema":{"@context":"https:\/\/schema.org","@graph":[{"@type":"WebSite","@id":"https:\/\/mugardos.gal\/#website","url":"https:\/\/mugardos.gal\/","name":"Concello de Mugardos","description":"","potentialAction":[{"@type":"SearchAction","target":{"@type":"EntryPoint","urlTemplate":"https:\/\/mugardos.gal\/?s={search_term_string}"},"query-input":"required name=search_term_string"}],"inLanguage":"es"},{"@type":"ImageObject","inLanguage":"es","@id":"https:\/\/mugardos.gal\/es\/el-ayuntamiento-instalara-una-pantalla-de-television-para-seguir-la-participacion-de-belen-toimil-en-los-juegos-olimpicos-el-viernes-30-de-julio\/#primaryimage","url":"https:\/\/mugardos.gal\/wp-content\/uploads\/2021\/07\/belen.jpg","contentUrl":"https:\/\/mugardos.gal\/wp-content\/uploads\/2021\/07\/belen.jpg","width":1205,"height":1205},{"@type":"WebPage","@id":"https:\/\/mugardos.gal\/es\/el-ayuntamiento-instalara-una-pantalla-de-television-para-seguir-la-participacion-de-belen-toimil-en-los-juegos-olimpicos-el-viernes-30-de-julio\/#webpage","url":"https:\/\/mugardos.gal\/es\/el-ayuntamiento-instalara-una-pantalla-de-television-para-seguir-la-participacion-de-belen-toimil-en-los-juegos-olimpicos-el-viernes-30-de-julio\/","name":"El Ayuntamiento instalar\u00e1 una pantalla de televisi\u00f3n para seguir la participaci\u00f3n de Bel\u00e9n Toimil en los Juegos Ol\u00edmpicos, el viernes 30 de julio - Concello de Mugardos","isPartOf":{"@id":"https:\/\/mugardos.gal\/#website"},"primaryImageOfPage":{"@id":"https:\/\/mugardos.gal\/es\/el-ayuntamiento-instalara-una-pantalla-de-television-para-seguir-la-participacion-de-belen-toimil-en-los-juegos-olimpicos-el-viernes-30-de-julio\/#primaryimage"},"datePublished":"2021-07-26T12:47:11+00:00","dateModified":"2021-07-26T12:47:11+00:00","author":{"@id":"https:\/\/mugardos.gal\/#\/schema\/person\/5003de8d638a334108335f5dc158539f"},"breadcrumb":{"@id":"https:\/\/mugardos.gal\/es\/el-ayuntamiento-instalara-una-pantalla-de-television-para-seguir-la-participacion-de-belen-toimil-en-los-juegos-olimpicos-el-viernes-30-de-julio\/#breadcrumb"},"inLanguage":"es","potentialAction":[{"@type":"ReadAction","target":["https:\/\/mugardos.gal\/es\/el-ayuntamiento-instalara-una-pantalla-de-television-para-seguir-la-participacion-de-belen-toimil-en-los-juegos-olimpicos-el-viernes-30-de-julio\/"]}]},{"@type":"BreadcrumbList","@id":"https:\/\/mugardos.gal\/es\/el-ayuntamiento-instalara-una-pantalla-de-television-para-seguir-la-participacion-de-belen-toimil-en-los-juegos-olimpicos-el-viernes-30-de-julio\/#breadcrumb","itemListElement":[{"@type":"ListItem","position":1,"name":"Portada","item":"https:\/\/mugardos.gal\/es\/"},{"@type":"ListItem","position":2,"name":"El Ayuntamiento instalar\u00e1 una pantalla de televisi\u00f3n para seguir la participaci\u00f3n de Bel\u00e9n Toimil en los Juegos Ol\u00edmpicos, el viernes 30 de julio"}]},{"@type":"Person","@id":"https:\/\/mugardos.gal\/#\/schema\/person\/5003de8d638a334108335f5dc158539f","name":"maria_OCCIDENTE","url":"https:\/\/mugardos.gal\/es\/author\/maria_occidente\/"}]}},"_links":{"self":[{"href":"https:\/\/mugardos.gal\/es\/wp-json\/wp\/v2\/posts\/13047"}],"collection":[{"href":"https:\/\/mugardos.gal\/es\/wp-json\/wp\/v2\/posts"}],"about":[{"href":"https:\/\/mugardos.gal\/es\/wp-json\/wp\/v2\/types\/post"}],"author":[{"embeddable":true,"href":"https:\/\/mugardos.gal\/es\/wp-json\/wp\/v2\/users\/5"}],"replies":[{"embeddable":true,"href":"https:\/\/mugardos.gal\/es\/wp-json\/wp\/v2\/comments?post=13047"}],"version-history":[{"count":0,"href":"https:\/\/mugardos.gal\/es\/wp-json\/wp\/v2\/posts\/13047\/revisions"}],"wp:featuredmedia":[{"embeddable":true,"href":"https:\/\/mugardos.gal\/es\/wp-json\/wp\/v2\/media\/13045"}],"wp:attachment":[{"href":"https:\/\/mugardos.gal\/es\/wp-json\/wp\/v2\/media?parent=13047"}],"wp:term":[{"taxonomy":"category","embeddable":true,"href":"https:\/\/mugardos.gal\/es\/wp-json\/wp\/v2\/categories?post=13047"},{"taxonomy":"post_tag","embeddable":true,"href":"https:\/\/mugardos.gal\/es\/wp-json\/wp\/v2\/tags?post=13047"}],"curies":[{"name":"wp","href":"https:\/\/api.w.org\/{rel}","templated":true}]}}