{"id":12402,"date":"2021-06-07T14:36:10","date_gmt":"2021-06-07T12:36:10","guid":{"rendered":"https:\/\/mugardos.gal\/talleres-digitales-en-linea-para-personas-adultas-los-dias-10-y-17-de-junio\/"},"modified":"2021-06-07T14:37:21","modified_gmt":"2021-06-07T12:37:21","slug":"talleres-digitales-en-linea-para-personas-adultas-los-dias-10-y-17-de-junio","status":"publish","type":"post","link":"https:\/\/mugardos.gal\/es\/talleres-digitales-en-linea-para-personas-adultas-los-dias-10-y-17-de-junio\/","title":{"rendered":"Talleres digitales en l\u00ednea para personas adultas los d\u00edas 10 y 17 de junio"},"content":{"rendered":"\n<p>El Concello de Fene mantiene un convenio para la gesti\u00f3n compartida con los concellos de Mugardos y Neda del proyecto de <strong>prevenci\u00f3n de conductas adictivas en el campo local <\/strong>para el cofinanciamento de proyectos de prevenci\u00f3n de conductas adictivas promovidos por concellos o agrupaci\u00f3ns de concellos de la Comunidad Aut\u00f3noma de Galicia.<\/p>\n\n<p>Este convenio se desarrolla a trav\u00e9s del \u00c1rea de Bienestar e Igualdad en colaboraci\u00f3n con la Consejer\u00eda de Sanidad, Direcci\u00f3n general de innovaci\u00f3n y gesti\u00f3n de salud p\u00fablica en el que se enmarca, entre otros, el progama de Formaci\u00f3n en acompa\u00f1amiento digital.<\/p>\n\n<p>Este taller digital est\u00e1 orientado para todas aquellas personas adultas que busquen un espacio formativo din\u00e1mico donde hablar sobre las rede sociales y como adaptarnos a la comunicaci\u00f3n digital con las nuevas realidades derivadas de la pandemia; aprenderemos a mejorar nuestra seguridad en internet (revisar t\u00e9rminos de privacidad en las diferentes aplicaciones que usamos a diario, crear contrase\u00f1as seguras, etc.). Tambi\u00e9n trataremos los conceptos de identidad y huella digital, para conocer la informaci\u00f3n que tiene internet sobre nosotros y que huella dejan nuestras acciones en las redes. Todo esto lo abordaremos teniendo en cuenta las emociones y necesidades que nos despiertan los usos de las TRIC (Tecnolog\u00edas de la Relaci\u00f3n, la Informaci\u00f3n y la Comunicaci\u00f3n) y valorando nuestro bienestar digital a trav\u00e9s de los usos saludables y los h\u00e1bitos o rutinas que nos pueden ocasionar ciertos riesgos a la salud o a la seguridad.<\/p>\n\n<p>Con la finalidad de dotarse de herramientas y formaci\u00f3n se impartir\u00e1 el taller en l\u00ednea en las fechas que se indican a continuaci\u00f3n:<\/p>\n\n<p>Fecha:\u00a0 <strong>Jueves 10 e 17<\/strong>\u00a0<strong> de junio de 2021<\/strong><\/p>\n\n<p>Hora<strong>:<\/strong> <strong>De<\/strong> <strong>16.30\u00a0 a 18.00h<\/strong><\/p>\n\n<p>Formaci\u00f3n en l\u00ednea.<\/p>\n\n<p>El n\u00famero de plazas est\u00e1 limitado a 15, para as\u00ed garantizar un espacio virtual din\u00e1mico y participativo, buscando la interacci\u00f3n y dominio de las herramientas tecnol\u00f3gicas.<\/p>\n\n<p>El per\u00edodo de inscripci\u00f3n est\u00e1 abierto <strong>hasta el 9 de junio<\/strong> o hasta que se cubran las plazas por orden de inscripci\u00f3n.<\/p>\n\n<p>Las solicitudes se realizar\u00e1n enviando la ficha de inscripci\u00f3n cubierta a trav\u00e9s del enlace electr\u00f3nico: <a href=\"mailto:servizos.sociais@fene.gal\">servizos.sociais@fene.gal<\/a><\/p>\n\n<p>Una vez confirmada la inscripci\u00f3n, se remitir\u00e1 el enlace a la sala virtual donde tendr\u00e1 lugar la formaci\u00f3n.<\/p>\n\n<p>La empresa encargada de impartir las sesiones es Atalia.social y la t\u00e9cnica responsable de coordinar el programa es la pedagoga municipal M\u00aa Jos\u00e9 Paz Rodr\u00edguez.<\/p>\n\n<figure class=\"wp-block-image size-large\"><img loading=\"lazy\" width=\"724\" height=\"1024\" src=\"https:\/\/mugardos.gal\/wp-content\/uploads\/2021\/06\/Cartel-obradoiro-dixital-persoas-adultas-1-724x1024.jpg\" alt=\"\" class=\"wp-image-12394\" srcset=\"https:\/\/mugardos.gal\/wp-content\/uploads\/2021\/06\/Cartel-obradoiro-dixital-persoas-adultas-1-724x1024.jpg 724w, https:\/\/mugardos.gal\/wp-content\/uploads\/2021\/06\/Cartel-obradoiro-dixital-persoas-adultas-1-212x300.jpg 212w, https:\/\/mugardos.gal\/wp-content\/uploads\/2021\/06\/Cartel-obradoiro-dixital-persoas-adultas-1-768x1086.jpg 768w, https:\/\/mugardos.gal\/wp-content\/uploads\/2021\/06\/Cartel-obradoiro-dixital-persoas-adultas-1-1086x1536.jpg 1086w, https:\/\/mugardos.gal\/wp-content\/uploads\/2021\/06\/Cartel-obradoiro-dixital-persoas-adultas-1-1448x2048.jpg 1448w, https:\/\/mugardos.gal\/wp-content\/uploads\/2021\/06\/Cartel-obradoiro-dixital-persoas-adultas-1-scaled.jpg 1810w\" sizes=\"(max-width: 724px) 100vw, 724px\" \/><\/figure>\n\n<div class=\"wp-block-file\"><a href=\"https:\/\/mugardos.gal\/wp-content\/uploads\/2021\/06\/ModeloFicha-inscricio&#x301;n-formac-dixital-maio.docx\">Ficha de inscrici\u00f3n<\/a><a href=\"https:\/\/mugardos.gal\/wp-content\/uploads\/2021\/06\/ModeloFicha-inscricio&#x301;n-formac-dixital-maio.docx\" class=\"wp-block-file__button\" download=\"\">Descarga\t <\/a><\/div>\n","protected":false},"excerpt":{"rendered":"<p>El Concello de Fene mantiene un convenio para la gesti\u00f3n compartida con los concellos de Mugardos y Neda del proyecto de prevenci\u00f3n de conductas adictivas en el campo local para el cofinanciamento de proyectos de prevenci\u00f3n de conductas adictivas promovidos por concellos o agrupaci\u00f3ns de concellos de la Comunidad Aut\u00f3noma de Galicia. Este convenio se [&hellip;]<\/p>\n","protected":false},"author":5,"featured_media":12399,"comment_status":"closed","ping_status":"closed","sticky":false,"template":"","format":"standard","meta":[],"categories":[47,12],"tags":[],"yoast_head":"<!-- This site is optimized with the Yoast SEO plugin v18.9 - https:\/\/yoast.com\/wordpress\/plugins\/seo\/ -->\n<title>Talleres digitales en l\u00ednea para personas adultas los d\u00edas 10 y 17 de junio - Concello de Mugardos<\/title>\n<meta name=\"robots\" content=\"index, follow, max-snippet:-1, max-image-preview:large, max-video-preview:-1\" \/>\n<link rel=\"canonical\" href=\"https:\/\/mugardos.gal\/es\/talleres-digitales-en-linea-para-personas-adultas-los-dias-10-y-17-de-junio\/\" \/>\n<meta property=\"og:locale\" content=\"es_ES\" \/>\n<meta property=\"og:type\" content=\"article\" \/>\n<meta property=\"og:title\" content=\"Talleres digitales en l\u00ednea para personas adultas los d\u00edas 10 y 17 de junio - Concello de Mugardos\" \/>\n<meta property=\"og:description\" content=\"El Concello de Fene mantiene un convenio para la gesti\u00f3n compartida con los concellos de Mugardos y Neda del proyecto de prevenci\u00f3n de conductas adictivas en el campo local para el cofinanciamento de proyectos de prevenci\u00f3n de conductas adictivas promovidos por concellos o agrupaci\u00f3ns de concellos de la Comunidad Aut\u00f3noma de Galicia. Este convenio se [&hellip;]\" \/>\n<meta property=\"og:url\" content=\"https:\/\/mugardos.gal\/es\/talleres-digitales-en-linea-para-personas-adultas-los-dias-10-y-17-de-junio\/\" \/>\n<meta property=\"og:site_name\" content=\"Concello de Mugardos\" \/>\n<meta property=\"article:published_time\" content=\"2021-06-07T12:36:10+00:00\" \/>\n<meta property=\"article:modified_time\" content=\"2021-06-07T12:37:21+00:00\" \/>\n<meta property=\"og:image\" content=\"https:\/\/mugardos.gal\/wp-content\/uploads\/2021\/06\/mugardos9.jpg\" \/>\n\t<meta property=\"og:image:width\" content=\"1205\" \/>\n\t<meta property=\"og:image:height\" content=\"1205\" \/>\n\t<meta property=\"og:image:type\" content=\"image\/jpeg\" \/>\n<meta name=\"twitter:card\" content=\"summary_large_image\" \/>\n<meta name=\"twitter:label1\" content=\"Escrito por\" \/>\n\t<meta name=\"twitter:data1\" content=\"maria_OCCIDENTE\" \/>\n\t<meta name=\"twitter:label2\" content=\"Tiempo de lectura\" \/>\n\t<meta name=\"twitter:data2\" content=\"2 minutos\" \/>\n<script type=\"application\/ld+json\" class=\"yoast-schema-graph\">{\"@context\":\"https:\/\/schema.org\",\"@graph\":[{\"@type\":\"WebSite\",\"@id\":\"https:\/\/mugardos.gal\/#website\",\"url\":\"https:\/\/mugardos.gal\/\",\"name\":\"Concello de Mugardos\",\"description\":\"\",\"potentialAction\":[{\"@type\":\"SearchAction\",\"target\":{\"@type\":\"EntryPoint\",\"urlTemplate\":\"https:\/\/mugardos.gal\/?s={search_term_string}\"},\"query-input\":\"required name=search_term_string\"}],\"inLanguage\":\"es\"},{\"@type\":\"ImageObject\",\"inLanguage\":\"es\",\"@id\":\"https:\/\/mugardos.gal\/es\/talleres-digitales-en-linea-para-personas-adultas-los-dias-10-y-17-de-junio\/#primaryimage\",\"url\":\"https:\/\/mugardos.gal\/wp-content\/uploads\/2021\/06\/mugardos9.jpg\",\"contentUrl\":\"https:\/\/mugardos.gal\/wp-content\/uploads\/2021\/06\/mugardos9.jpg\",\"width\":1205,\"height\":1205},{\"@type\":\"WebPage\",\"@id\":\"https:\/\/mugardos.gal\/es\/talleres-digitales-en-linea-para-personas-adultas-los-dias-10-y-17-de-junio\/#webpage\",\"url\":\"https:\/\/mugardos.gal\/es\/talleres-digitales-en-linea-para-personas-adultas-los-dias-10-y-17-de-junio\/\",\"name\":\"Talleres digitales en l\u00ednea para personas adultas los d\u00edas 10 y 17 de junio - Concello de Mugardos\",\"isPartOf\":{\"@id\":\"https:\/\/mugardos.gal\/#website\"},\"primaryImageOfPage\":{\"@id\":\"https:\/\/mugardos.gal\/es\/talleres-digitales-en-linea-para-personas-adultas-los-dias-10-y-17-de-junio\/#primaryimage\"},\"datePublished\":\"2021-06-07T12:36:10+00:00\",\"dateModified\":\"2021-06-07T12:37:21+00:00\",\"author\":{\"@id\":\"https:\/\/mugardos.gal\/#\/schema\/person\/5003de8d638a334108335f5dc158539f\"},\"breadcrumb\":{\"@id\":\"https:\/\/mugardos.gal\/es\/talleres-digitales-en-linea-para-personas-adultas-los-dias-10-y-17-de-junio\/#breadcrumb\"},\"inLanguage\":\"es\",\"potentialAction\":[{\"@type\":\"ReadAction\",\"target\":[\"https:\/\/mugardos.gal\/es\/talleres-digitales-en-linea-para-personas-adultas-los-dias-10-y-17-de-junio\/\"]}]},{\"@type\":\"BreadcrumbList\",\"@id\":\"https:\/\/mugardos.gal\/es\/talleres-digitales-en-linea-para-personas-adultas-los-dias-10-y-17-de-junio\/#breadcrumb\",\"itemListElement\":[{\"@type\":\"ListItem\",\"position\":1,\"name\":\"Portada\",\"item\":\"https:\/\/mugardos.gal\/es\/\"},{\"@type\":\"ListItem\",\"position\":2,\"name\":\"Talleres digitales en l\u00ednea para personas adultas los d\u00edas 10 y 17 de junio\"}]},{\"@type\":\"Person\",\"@id\":\"https:\/\/mugardos.gal\/#\/schema\/person\/5003de8d638a334108335f5dc158539f\",\"name\":\"maria_OCCIDENTE\",\"url\":\"https:\/\/mugardos.gal\/es\/author\/maria_occidente\/\"}]}<\/script>\n<!-- \/ Yoast SEO plugin. -->","yoast_head_json":{"title":"Talleres digitales en l\u00ednea para personas adultas los d\u00edas 10 y 17 de junio - Concello de Mugardos","robots":{"index":"index","follow":"follow","max-snippet":"max-snippet:-1","max-image-preview":"max-image-preview:large","max-video-preview":"max-video-preview:-1"},"canonical":"https:\/\/mugardos.gal\/es\/talleres-digitales-en-linea-para-personas-adultas-los-dias-10-y-17-de-junio\/","og_locale":"es_ES","og_type":"article","og_title":"Talleres digitales en l\u00ednea para personas adultas los d\u00edas 10 y 17 de junio - Concello de Mugardos","og_description":"El Concello de Fene mantiene un convenio para la gesti\u00f3n compartida con los concellos de Mugardos y Neda del proyecto de prevenci\u00f3n de conductas adictivas en el campo local para el cofinanciamento de proyectos de prevenci\u00f3n de conductas adictivas promovidos por concellos o agrupaci\u00f3ns de concellos de la Comunidad Aut\u00f3noma de Galicia. Este convenio se [&hellip;]","og_url":"https:\/\/mugardos.gal\/es\/talleres-digitales-en-linea-para-personas-adultas-los-dias-10-y-17-de-junio\/","og_site_name":"Concello de Mugardos","article_published_time":"2021-06-07T12:36:10+00:00","article_modified_time":"2021-06-07T12:37:21+00:00","og_image":[{"width":1205,"height":1205,"url":"https:\/\/mugardos.gal\/wp-content\/uploads\/2021\/06\/mugardos9.jpg","type":"image\/jpeg"}],"twitter_card":"summary_large_image","twitter_misc":{"Escrito por":"maria_OCCIDENTE","Tiempo de lectura":"2 minutos"},"schema":{"@context":"https:\/\/schema.org","@graph":[{"@type":"WebSite","@id":"https:\/\/mugardos.gal\/#website","url":"https:\/\/mugardos.gal\/","name":"Concello de Mugardos","description":"","potentialAction":[{"@type":"SearchAction","target":{"@type":"EntryPoint","urlTemplate":"https:\/\/mugardos.gal\/?s={search_term_string}"},"query-input":"required name=search_term_string"}],"inLanguage":"es"},{"@type":"ImageObject","inLanguage":"es","@id":"https:\/\/mugardos.gal\/es\/talleres-digitales-en-linea-para-personas-adultas-los-dias-10-y-17-de-junio\/#primaryimage","url":"https:\/\/mugardos.gal\/wp-content\/uploads\/2021\/06\/mugardos9.jpg","contentUrl":"https:\/\/mugardos.gal\/wp-content\/uploads\/2021\/06\/mugardos9.jpg","width":1205,"height":1205},{"@type":"WebPage","@id":"https:\/\/mugardos.gal\/es\/talleres-digitales-en-linea-para-personas-adultas-los-dias-10-y-17-de-junio\/#webpage","url":"https:\/\/mugardos.gal\/es\/talleres-digitales-en-linea-para-personas-adultas-los-dias-10-y-17-de-junio\/","name":"Talleres digitales en l\u00ednea para personas adultas los d\u00edas 10 y 17 de junio - Concello de Mugardos","isPartOf":{"@id":"https:\/\/mugardos.gal\/#website"},"primaryImageOfPage":{"@id":"https:\/\/mugardos.gal\/es\/talleres-digitales-en-linea-para-personas-adultas-los-dias-10-y-17-de-junio\/#primaryimage"},"datePublished":"2021-06-07T12:36:10+00:00","dateModified":"2021-06-07T12:37:21+00:00","author":{"@id":"https:\/\/mugardos.gal\/#\/schema\/person\/5003de8d638a334108335f5dc158539f"},"breadcrumb":{"@id":"https:\/\/mugardos.gal\/es\/talleres-digitales-en-linea-para-personas-adultas-los-dias-10-y-17-de-junio\/#breadcrumb"},"inLanguage":"es","potentialAction":[{"@type":"ReadAction","target":["https:\/\/mugardos.gal\/es\/talleres-digitales-en-linea-para-personas-adultas-los-dias-10-y-17-de-junio\/"]}]},{"@type":"BreadcrumbList","@id":"https:\/\/mugardos.gal\/es\/talleres-digitales-en-linea-para-personas-adultas-los-dias-10-y-17-de-junio\/#breadcrumb","itemListElement":[{"@type":"ListItem","position":1,"name":"Portada","item":"https:\/\/mugardos.gal\/es\/"},{"@type":"ListItem","position":2,"name":"Talleres digitales en l\u00ednea para personas adultas los d\u00edas 10 y 17 de junio"}]},{"@type":"Person","@id":"https:\/\/mugardos.gal\/#\/schema\/person\/5003de8d638a334108335f5dc158539f","name":"maria_OCCIDENTE","url":"https:\/\/mugardos.gal\/es\/author\/maria_occidente\/"}]}},"_links":{"self":[{"href":"https:\/\/mugardos.gal\/es\/wp-json\/wp\/v2\/posts\/12402"}],"collection":[{"href":"https:\/\/mugardos.gal\/es\/wp-json\/wp\/v2\/posts"}],"about":[{"href":"https:\/\/mugardos.gal\/es\/wp-json\/wp\/v2\/types\/post"}],"author":[{"embeddable":true,"href":"https:\/\/mugardos.gal\/es\/wp-json\/wp\/v2\/users\/5"}],"replies":[{"embeddable":true,"href":"https:\/\/mugardos.gal\/es\/wp-json\/wp\/v2\/comments?post=12402"}],"version-history":[{"count":0,"href":"https:\/\/mugardos.gal\/es\/wp-json\/wp\/v2\/posts\/12402\/revisions"}],"wp:featuredmedia":[{"embeddable":true,"href":"https:\/\/mugardos.gal\/es\/wp-json\/wp\/v2\/media\/12399"}],"wp:attachment":[{"href":"https:\/\/mugardos.gal\/es\/wp-json\/wp\/v2\/media?parent=12402"}],"wp:term":[{"taxonomy":"category","embeddable":true,"href":"https:\/\/mugardos.gal\/es\/wp-json\/wp\/v2\/categories?post=12402"},{"taxonomy":"post_tag","embeddable":true,"href":"https:\/\/mugardos.gal\/es\/wp-json\/wp\/v2\/tags?post=12402"}],"curies":[{"name":"wp","href":"https:\/\/api.w.org\/{rel}","templated":true}]}}