{"id":12144,"date":"2021-05-04T14:08:08","date_gmt":"2021-05-04T12:08:08","guid":{"rendered":"https:\/\/mugardos.gal\/?p=12144"},"modified":"2021-05-04T14:08:11","modified_gmt":"2021-05-04T12:08:11","slug":"ya-esta-abierto-el-plazo-de-presentacion-de-solicitudes-a-las-ayudas-de-de-pel-reactiva","status":"publish","type":"post","link":"https:\/\/mugardos.gal\/es\/ya-esta-abierto-el-plazo-de-presentacion-de-solicitudes-a-las-ayudas-de-de-pel-reactiva\/","title":{"rendered":"YA EST\u00c1 ABIERTO EL PLAZO DE PRESENTACI\u00d3N DE SOLICITUDES A LAS AYUDAS DE DE PEL-REACTIVA"},"content":{"rendered":"\n<p> PROGRAMA ESPEC\u00cdFICO DE APOYO A LA HOSTELER\u00cdA Y AGENCIAS DE VIAJES, consistente en ayudas directas de 1.500 euros a microempresas y personas trabajadoras aut\u00f3nomas que cumplan, entre otros, los siguientes requisitos:<\/p>\n\n\n\n<p>\u00b7 Figuren dadas de alta en el IAE, con anterioridad a 1 de enero de 2021, en cualquiera de los ep\u00edgrafes de las agrupaciones 67 (bares y restaurantes), 68 (hospedaje), grupo 755 (agencias de viaje) y ep\u00edgrafe 969.1 (salas de fiesta y discotecas) <\/p>\n\n\n\n<p>\u00b7 Tengan su domicilio fiscal en un ayuntamiento de la provincia de A Coru\u00f1a con menos de 50.000 habitantes.<\/p>\n\n\n\n<p>\u00b7 No hayan resultado beneficiarias de las ayudas PEL-REACTIVA: Fondo de Financiaci\u00f3n para la Reactivaci\u00f3n Econ\u00f3mica y Social de la Provincia de A Coru\u00f1a.<\/p>\n\n\n\n<p><\/p>\n\n\n\n<p>Las bases pueden consultarse en el Bolet\u00edn Oficial de la Provincia n\u00ba 72 de 20 de abril de 2021 o a trav\u00e9s del siguiente enlace: <a href=\"https:\/\/bop.dacoruna.gal\/bopportal\/publicado\/2021\/04\/20\/2021_0000003177.pdf\">https:\/\/ bop. dacoruna. gal\/ bopportal\/publicado\/2021\/04\/20\/2021_0000003177.pdf<\/a><\/p>\n\n\n\n<p>La concesi\u00f3n se realiza por orden de entrada y el plazo de presentaci\u00f3n de solicitudes permanecer\u00e1 abierto hasta el agotamiento del cr\u00e9dito disponible, a saber, 9 millones de euros.<\/p>\n\n\n\n<p>Las solicitudes se presentar\u00e1n de manera telem\u00e1tica, a trav\u00e9s de la aplicaci\u00f3n #SUBTEL: <a href=\"https:\/\/sede.dacoruna.gal\/subtel\/\">https:\/\/sede. dacoruna. gal\/ subtel\/ <\/a><\/p>\n\n\n\n<p>Le recordamos que en la web <a href=\"https:\/\/pel.gal\/\">https:\/\/piel. gal\/ <\/a> y en el facebook <a href=\"https:\/\/www.facebook.com\/PlanEmpregoLocal\" target=\"_blank\" rel=\"noreferrer noopener\">https:\/\/www.facebook.com\/PlanEmpregoLocal<\/a> puede consultar la informaci\u00f3n actualizada sobre las distintas l\u00edneas del Plan de Empleo Local. <\/p>\n","protected":false},"excerpt":{"rendered":"<p>PROGRAMA ESPEC\u00cdFICO DE APOYO A LA HOSTELER\u00cdA Y AGENCIAS DE VIAJES, consistente en ayudas directas de 1.500 euros a microempresas y personas trabajadoras aut\u00f3nomas que cumplan, entre otros, los siguientes requisitos: \u00b7 Figuren dadas de alta en el IAE, con anterioridad a 1 de enero de 2021, en cualquiera de los ep\u00edgrafes de las agrupaciones [&hellip;]<\/p>\n","protected":false},"author":5,"featured_media":12142,"comment_status":"closed","ping_status":"closed","sticky":false,"template":"","format":"standard","meta":[],"categories":[12],"tags":[],"yoast_head":"<!-- This site is optimized with the Yoast SEO plugin v18.9 - https:\/\/yoast.com\/wordpress\/plugins\/seo\/ -->\n<title>YA EST\u00c1 ABIERTO EL PLAZO DE PRESENTACI\u00d3N DE SOLICITUDES A LAS AYUDAS DE DE PEL-REACTIVA - Concello de Mugardos<\/title>\n<meta name=\"robots\" content=\"index, follow, max-snippet:-1, max-image-preview:large, max-video-preview:-1\" \/>\n<link rel=\"canonical\" href=\"https:\/\/mugardos.gal\/es\/ya-esta-abierto-el-plazo-de-presentacion-de-solicitudes-a-las-ayudas-de-de-pel-reactiva\/\" \/>\n<meta property=\"og:locale\" content=\"es_ES\" \/>\n<meta property=\"og:type\" content=\"article\" \/>\n<meta property=\"og:title\" content=\"YA EST\u00c1 ABIERTO EL PLAZO DE PRESENTACI\u00d3N DE SOLICITUDES A LAS AYUDAS DE DE PEL-REACTIVA - Concello de Mugardos\" \/>\n<meta property=\"og:description\" content=\"PROGRAMA ESPEC\u00cdFICO DE APOYO A LA HOSTELER\u00cdA Y AGENCIAS DE VIAJES, consistente en ayudas directas de 1.500 euros a microempresas y personas trabajadoras aut\u00f3nomas que cumplan, entre otros, los siguientes requisitos: \u00b7 Figuren dadas de alta en el IAE, con anterioridad a 1 de enero de 2021, en cualquiera de los ep\u00edgrafes de las agrupaciones [&hellip;]\" \/>\n<meta property=\"og:url\" content=\"https:\/\/mugardos.gal\/es\/ya-esta-abierto-el-plazo-de-presentacion-de-solicitudes-a-las-ayudas-de-de-pel-reactiva\/\" \/>\n<meta property=\"og:site_name\" content=\"Concello de Mugardos\" \/>\n<meta property=\"article:published_time\" content=\"2021-05-04T12:08:08+00:00\" \/>\n<meta property=\"article:modified_time\" content=\"2021-05-04T12:08:11+00:00\" \/>\n<meta property=\"og:image\" content=\"https:\/\/mugardos.gal\/wp-content\/uploads\/2021\/05\/PEL.jpg\" \/>\n\t<meta property=\"og:image:width\" content=\"1205\" \/>\n\t<meta property=\"og:image:height\" content=\"1205\" \/>\n\t<meta property=\"og:image:type\" content=\"image\/jpeg\" \/>\n<meta name=\"twitter:card\" content=\"summary_large_image\" \/>\n<meta name=\"twitter:label1\" content=\"Escrito por\" \/>\n\t<meta name=\"twitter:data1\" content=\"maria_OCCIDENTE\" \/>\n\t<meta name=\"twitter:label2\" content=\"Tiempo de lectura\" \/>\n\t<meta name=\"twitter:data2\" content=\"1 minuto\" \/>\n<script type=\"application\/ld+json\" class=\"yoast-schema-graph\">{\"@context\":\"https:\/\/schema.org\",\"@graph\":[{\"@type\":\"WebSite\",\"@id\":\"https:\/\/mugardos.gal\/#website\",\"url\":\"https:\/\/mugardos.gal\/\",\"name\":\"Concello de Mugardos\",\"description\":\"\",\"potentialAction\":[{\"@type\":\"SearchAction\",\"target\":{\"@type\":\"EntryPoint\",\"urlTemplate\":\"https:\/\/mugardos.gal\/?s={search_term_string}\"},\"query-input\":\"required name=search_term_string\"}],\"inLanguage\":\"es\"},{\"@type\":\"ImageObject\",\"inLanguage\":\"es\",\"@id\":\"https:\/\/mugardos.gal\/es\/ya-esta-abierto-el-plazo-de-presentacion-de-solicitudes-a-las-ayudas-de-de-pel-reactiva\/#primaryimage\",\"url\":\"https:\/\/mugardos.gal\/wp-content\/uploads\/2021\/05\/PEL.jpg\",\"contentUrl\":\"https:\/\/mugardos.gal\/wp-content\/uploads\/2021\/05\/PEL.jpg\",\"width\":1205,\"height\":1205},{\"@type\":\"WebPage\",\"@id\":\"https:\/\/mugardos.gal\/es\/ya-esta-abierto-el-plazo-de-presentacion-de-solicitudes-a-las-ayudas-de-de-pel-reactiva\/#webpage\",\"url\":\"https:\/\/mugardos.gal\/es\/ya-esta-abierto-el-plazo-de-presentacion-de-solicitudes-a-las-ayudas-de-de-pel-reactiva\/\",\"name\":\"YA EST\u00c1 ABIERTO EL PLAZO DE PRESENTACI\u00d3N DE SOLICITUDES A LAS AYUDAS DE DE PEL-REACTIVA - Concello de Mugardos\",\"isPartOf\":{\"@id\":\"https:\/\/mugardos.gal\/#website\"},\"primaryImageOfPage\":{\"@id\":\"https:\/\/mugardos.gal\/es\/ya-esta-abierto-el-plazo-de-presentacion-de-solicitudes-a-las-ayudas-de-de-pel-reactiva\/#primaryimage\"},\"datePublished\":\"2021-05-04T12:08:08+00:00\",\"dateModified\":\"2021-05-04T12:08:11+00:00\",\"author\":{\"@id\":\"https:\/\/mugardos.gal\/#\/schema\/person\/5003de8d638a334108335f5dc158539f\"},\"breadcrumb\":{\"@id\":\"https:\/\/mugardos.gal\/es\/ya-esta-abierto-el-plazo-de-presentacion-de-solicitudes-a-las-ayudas-de-de-pel-reactiva\/#breadcrumb\"},\"inLanguage\":\"es\",\"potentialAction\":[{\"@type\":\"ReadAction\",\"target\":[\"https:\/\/mugardos.gal\/es\/ya-esta-abierto-el-plazo-de-presentacion-de-solicitudes-a-las-ayudas-de-de-pel-reactiva\/\"]}]},{\"@type\":\"BreadcrumbList\",\"@id\":\"https:\/\/mugardos.gal\/es\/ya-esta-abierto-el-plazo-de-presentacion-de-solicitudes-a-las-ayudas-de-de-pel-reactiva\/#breadcrumb\",\"itemListElement\":[{\"@type\":\"ListItem\",\"position\":1,\"name\":\"Portada\",\"item\":\"https:\/\/mugardos.gal\/es\/\"},{\"@type\":\"ListItem\",\"position\":2,\"name\":\"YA EST\u00c1 ABIERTO EL PLAZO DE PRESENTACI\u00d3N DE SOLICITUDES A LAS AYUDAS DE DE PEL-REACTIVA\"}]},{\"@type\":\"Person\",\"@id\":\"https:\/\/mugardos.gal\/#\/schema\/person\/5003de8d638a334108335f5dc158539f\",\"name\":\"maria_OCCIDENTE\",\"url\":\"https:\/\/mugardos.gal\/es\/author\/maria_occidente\/\"}]}<\/script>\n<!-- \/ Yoast SEO plugin. -->","yoast_head_json":{"title":"YA EST\u00c1 ABIERTO EL PLAZO DE PRESENTACI\u00d3N DE SOLICITUDES A LAS AYUDAS DE DE PEL-REACTIVA - Concello de Mugardos","robots":{"index":"index","follow":"follow","max-snippet":"max-snippet:-1","max-image-preview":"max-image-preview:large","max-video-preview":"max-video-preview:-1"},"canonical":"https:\/\/mugardos.gal\/es\/ya-esta-abierto-el-plazo-de-presentacion-de-solicitudes-a-las-ayudas-de-de-pel-reactiva\/","og_locale":"es_ES","og_type":"article","og_title":"YA EST\u00c1 ABIERTO EL PLAZO DE PRESENTACI\u00d3N DE SOLICITUDES A LAS AYUDAS DE DE PEL-REACTIVA - Concello de Mugardos","og_description":"PROGRAMA ESPEC\u00cdFICO DE APOYO A LA HOSTELER\u00cdA Y AGENCIAS DE VIAJES, consistente en ayudas directas de 1.500 euros a microempresas y personas trabajadoras aut\u00f3nomas que cumplan, entre otros, los siguientes requisitos: \u00b7 Figuren dadas de alta en el IAE, con anterioridad a 1 de enero de 2021, en cualquiera de los ep\u00edgrafes de las agrupaciones [&hellip;]","og_url":"https:\/\/mugardos.gal\/es\/ya-esta-abierto-el-plazo-de-presentacion-de-solicitudes-a-las-ayudas-de-de-pel-reactiva\/","og_site_name":"Concello de Mugardos","article_published_time":"2021-05-04T12:08:08+00:00","article_modified_time":"2021-05-04T12:08:11+00:00","og_image":[{"width":1205,"height":1205,"url":"https:\/\/mugardos.gal\/wp-content\/uploads\/2021\/05\/PEL.jpg","type":"image\/jpeg"}],"twitter_card":"summary_large_image","twitter_misc":{"Escrito por":"maria_OCCIDENTE","Tiempo de lectura":"1 minuto"},"schema":{"@context":"https:\/\/schema.org","@graph":[{"@type":"WebSite","@id":"https:\/\/mugardos.gal\/#website","url":"https:\/\/mugardos.gal\/","name":"Concello de Mugardos","description":"","potentialAction":[{"@type":"SearchAction","target":{"@type":"EntryPoint","urlTemplate":"https:\/\/mugardos.gal\/?s={search_term_string}"},"query-input":"required name=search_term_string"}],"inLanguage":"es"},{"@type":"ImageObject","inLanguage":"es","@id":"https:\/\/mugardos.gal\/es\/ya-esta-abierto-el-plazo-de-presentacion-de-solicitudes-a-las-ayudas-de-de-pel-reactiva\/#primaryimage","url":"https:\/\/mugardos.gal\/wp-content\/uploads\/2021\/05\/PEL.jpg","contentUrl":"https:\/\/mugardos.gal\/wp-content\/uploads\/2021\/05\/PEL.jpg","width":1205,"height":1205},{"@type":"WebPage","@id":"https:\/\/mugardos.gal\/es\/ya-esta-abierto-el-plazo-de-presentacion-de-solicitudes-a-las-ayudas-de-de-pel-reactiva\/#webpage","url":"https:\/\/mugardos.gal\/es\/ya-esta-abierto-el-plazo-de-presentacion-de-solicitudes-a-las-ayudas-de-de-pel-reactiva\/","name":"YA EST\u00c1 ABIERTO EL PLAZO DE PRESENTACI\u00d3N DE SOLICITUDES A LAS AYUDAS DE DE PEL-REACTIVA - Concello de Mugardos","isPartOf":{"@id":"https:\/\/mugardos.gal\/#website"},"primaryImageOfPage":{"@id":"https:\/\/mugardos.gal\/es\/ya-esta-abierto-el-plazo-de-presentacion-de-solicitudes-a-las-ayudas-de-de-pel-reactiva\/#primaryimage"},"datePublished":"2021-05-04T12:08:08+00:00","dateModified":"2021-05-04T12:08:11+00:00","author":{"@id":"https:\/\/mugardos.gal\/#\/schema\/person\/5003de8d638a334108335f5dc158539f"},"breadcrumb":{"@id":"https:\/\/mugardos.gal\/es\/ya-esta-abierto-el-plazo-de-presentacion-de-solicitudes-a-las-ayudas-de-de-pel-reactiva\/#breadcrumb"},"inLanguage":"es","potentialAction":[{"@type":"ReadAction","target":["https:\/\/mugardos.gal\/es\/ya-esta-abierto-el-plazo-de-presentacion-de-solicitudes-a-las-ayudas-de-de-pel-reactiva\/"]}]},{"@type":"BreadcrumbList","@id":"https:\/\/mugardos.gal\/es\/ya-esta-abierto-el-plazo-de-presentacion-de-solicitudes-a-las-ayudas-de-de-pel-reactiva\/#breadcrumb","itemListElement":[{"@type":"ListItem","position":1,"name":"Portada","item":"https:\/\/mugardos.gal\/es\/"},{"@type":"ListItem","position":2,"name":"YA EST\u00c1 ABIERTO EL PLAZO DE PRESENTACI\u00d3N DE SOLICITUDES A LAS AYUDAS DE DE PEL-REACTIVA"}]},{"@type":"Person","@id":"https:\/\/mugardos.gal\/#\/schema\/person\/5003de8d638a334108335f5dc158539f","name":"maria_OCCIDENTE","url":"https:\/\/mugardos.gal\/es\/author\/maria_occidente\/"}]}},"_links":{"self":[{"href":"https:\/\/mugardos.gal\/es\/wp-json\/wp\/v2\/posts\/12144"}],"collection":[{"href":"https:\/\/mugardos.gal\/es\/wp-json\/wp\/v2\/posts"}],"about":[{"href":"https:\/\/mugardos.gal\/es\/wp-json\/wp\/v2\/types\/post"}],"author":[{"embeddable":true,"href":"https:\/\/mugardos.gal\/es\/wp-json\/wp\/v2\/users\/5"}],"replies":[{"embeddable":true,"href":"https:\/\/mugardos.gal\/es\/wp-json\/wp\/v2\/comments?post=12144"}],"version-history":[{"count":0,"href":"https:\/\/mugardos.gal\/es\/wp-json\/wp\/v2\/posts\/12144\/revisions"}],"wp:featuredmedia":[{"embeddable":true,"href":"https:\/\/mugardos.gal\/es\/wp-json\/wp\/v2\/media\/12142"}],"wp:attachment":[{"href":"https:\/\/mugardos.gal\/es\/wp-json\/wp\/v2\/media?parent=12144"}],"wp:term":[{"taxonomy":"category","embeddable":true,"href":"https:\/\/mugardos.gal\/es\/wp-json\/wp\/v2\/categories?post=12144"},{"taxonomy":"post_tag","embeddable":true,"href":"https:\/\/mugardos.gal\/es\/wp-json\/wp\/v2\/tags?post=12144"}],"curies":[{"name":"wp","href":"https:\/\/api.w.org\/{rel}","templated":true}]}}