{"id":11441,"date":"2021-02-05T11:31:03","date_gmt":"2021-02-05T09:31:03","guid":{"rendered":"https:\/\/mugardos.gal\/?p=11441"},"modified":"2021-02-05T11:33:38","modified_gmt":"2021-02-05T09:33:38","slug":"mugardos-trabaja-en-un-convenio-con-la-sareb-para-la-creacion-de-un-parque-municipal-de-viviendas-2","status":"publish","type":"post","link":"https:\/\/mugardos.gal\/es\/mugardos-trabaja-en-un-convenio-con-la-sareb-para-la-creacion-de-un-parque-municipal-de-viviendas-2\/","title":{"rendered":"MUGARDOS TRABAJA EN UN CONVENIO CON LA SAREB PARA LA CREACI\u00d3N DE UN PARQUE MUNICIPAL DE VIVIENDAS"},"content":{"rendered":"<p style=\"text-align: justify;\">El alcalde Juan Domingo de Deus anunci\u00f3 hoy que el gobierno lleva semanas trabajando en un convenio con la SAREB para la creaci\u00f3n de un parque de viviendas municipal que contar\u00e1 con una bolsa de 10 pisos para alquilar a las familias mugardesas.<\/p>\n<p style=\"text-align: justify;\">El Ayuntamiento de Mugardos se encargar\u00e1 de amueblar y preparar las viviendas para dejarlas en condiciones de habitabilidad, y cobrar\u00e1 un alquiler a las familias usuarias de las mismas en funci\u00f3n de su renta disponible.<\/p>\n<p style=\"text-align: justify;\">Desde el gobierno municipal se valor\u00f3 que la falta de viviendas accesibles en el ayuntamiento dificulta su acceso a los colectivos m\u00e1s desfavorecidos (rentas bajas, situaciones sobrevenidas, juventud, etc)., y por otra parte, su concluy\u00f3 que el ayuntamiento deb\u00eda adoptar medidas de apoyo a las familias de manera urgente para luchar contra la despoblaci\u00f3n que Mugardos viene sufriendo en las \u00faltimas d\u00e9cadas. \u201cPensamos que la puesta a disposici\u00f3n de un parque municipal de viviendas para su ocupaci\u00f3n en r\u00e9gimen de alquiler es una medida que puede iniciar este camino\u201d se\u00f1al\u00f3 el alcalde.<\/p>\n<p style=\"text-align: justify;\">Juan Domingo de Deus confirm\u00f3 asimismo que \u201cesta iniciativa municipal exige la aprobaci\u00f3n de un reglamento de acceso a estas nuevas viviendas y de las condiciones b\u00e1sicas que regir\u00e1n los arrendamientos, y desde el gobierno municipal nos gustar\u00eda contar con el apoyo un\u00e1nime del resto de los grupos pol\u00edticos, ya que estamos hablando de poner los pilares de decisiones estrat\u00e9gicas para el futuro de las pol\u00edticas sociales del Ayuntamiento de Mugardos\u201d.<\/p>\n","protected":false},"excerpt":{"rendered":"<p>El alcalde Juan Domingo de Deus anunci\u00f3 hoy que el gobierno lleva semanas trabajando en un convenio con la SAREB para la creaci\u00f3n de un parque de viviendas municipal que contar\u00e1 con una bolsa de 10 pisos para alquilar a las familias mugardesas. El Ayuntamiento de Mugardos se encargar\u00e1 de amueblar y preparar las viviendas [&hellip;]<\/p>\n","protected":false},"author":4,"featured_media":244,"comment_status":"closed","ping_status":"closed","sticky":false,"template":"","format":"standard","meta":[],"categories":[47,12,54],"tags":[],"yoast_head":"<!-- This site is optimized with the Yoast SEO plugin v18.9 - https:\/\/yoast.com\/wordpress\/plugins\/seo\/ -->\n<title>MUGARDOS TRABAJA EN UN CONVENIO CON LA SAREB PARA LA CREACI\u00d3N DE UN PARQUE MUNICIPAL DE VIVIENDAS - Concello de Mugardos<\/title>\n<meta name=\"robots\" content=\"index, follow, max-snippet:-1, max-image-preview:large, max-video-preview:-1\" \/>\n<link rel=\"canonical\" href=\"https:\/\/mugardos.gal\/es\/mugardos-trabaja-en-un-convenio-con-la-sareb-para-la-creacion-de-un-parque-municipal-de-viviendas-2\/\" \/>\n<meta property=\"og:locale\" content=\"es_ES\" \/>\n<meta property=\"og:type\" content=\"article\" \/>\n<meta property=\"og:title\" content=\"MUGARDOS TRABAJA EN UN CONVENIO CON LA SAREB PARA LA CREACI\u00d3N DE UN PARQUE MUNICIPAL DE VIVIENDAS - Concello de Mugardos\" \/>\n<meta property=\"og:description\" content=\"El alcalde Juan Domingo de Deus anunci\u00f3 hoy que el gobierno lleva semanas trabajando en un convenio con la SAREB para la creaci\u00f3n de un parque de viviendas municipal que contar\u00e1 con una bolsa de 10 pisos para alquilar a las familias mugardesas. El Ayuntamiento de Mugardos se encargar\u00e1 de amueblar y preparar las viviendas [&hellip;]\" \/>\n<meta property=\"og:url\" content=\"https:\/\/mugardos.gal\/es\/mugardos-trabaja-en-un-convenio-con-la-sareb-para-la-creacion-de-un-parque-municipal-de-viviendas-2\/\" \/>\n<meta property=\"og:site_name\" content=\"Concello de Mugardos\" \/>\n<meta property=\"article:published_time\" content=\"2021-02-05T09:31:03+00:00\" \/>\n<meta property=\"article:modified_time\" content=\"2021-02-05T09:33:38+00:00\" \/>\n<meta property=\"og:image\" content=\"https:\/\/mugardos.gal\/wp-content\/uploads\/2020\/03\/Casa-do-Concello.jpg\" \/>\n\t<meta property=\"og:image:width\" content=\"466\" \/>\n\t<meta property=\"og:image:height\" content=\"426\" \/>\n\t<meta property=\"og:image:type\" content=\"image\/jpeg\" \/>\n<meta name=\"twitter:card\" content=\"summary_large_image\" \/>\n<meta name=\"twitter:label1\" content=\"Escrito por\" \/>\n\t<meta name=\"twitter:data1\" content=\"soporte_MUGARDOS\" \/>\n\t<meta name=\"twitter:label2\" content=\"Tiempo de lectura\" \/>\n\t<meta name=\"twitter:data2\" content=\"1 minuto\" \/>\n<script type=\"application\/ld+json\" class=\"yoast-schema-graph\">{\"@context\":\"https:\/\/schema.org\",\"@graph\":[{\"@type\":\"WebSite\",\"@id\":\"https:\/\/mugardos.gal\/#website\",\"url\":\"https:\/\/mugardos.gal\/\",\"name\":\"Concello de Mugardos\",\"description\":\"\",\"potentialAction\":[{\"@type\":\"SearchAction\",\"target\":{\"@type\":\"EntryPoint\",\"urlTemplate\":\"https:\/\/mugardos.gal\/?s={search_term_string}\"},\"query-input\":\"required name=search_term_string\"}],\"inLanguage\":\"es\"},{\"@type\":\"ImageObject\",\"inLanguage\":\"es\",\"@id\":\"https:\/\/mugardos.gal\/es\/mugardos-trabaja-en-un-convenio-con-la-sareb-para-la-creacion-de-un-parque-municipal-de-viviendas-2\/#primaryimage\",\"url\":\"https:\/\/mugardos.gal\/wp-content\/uploads\/2020\/03\/Casa-do-Concello.jpg\",\"contentUrl\":\"https:\/\/mugardos.gal\/wp-content\/uploads\/2020\/03\/Casa-do-Concello.jpg\",\"width\":466,\"height\":426},{\"@type\":\"WebPage\",\"@id\":\"https:\/\/mugardos.gal\/es\/mugardos-trabaja-en-un-convenio-con-la-sareb-para-la-creacion-de-un-parque-municipal-de-viviendas-2\/#webpage\",\"url\":\"https:\/\/mugardos.gal\/es\/mugardos-trabaja-en-un-convenio-con-la-sareb-para-la-creacion-de-un-parque-municipal-de-viviendas-2\/\",\"name\":\"MUGARDOS TRABAJA EN UN CONVENIO CON LA SAREB PARA LA CREACI\u00d3N DE UN PARQUE MUNICIPAL DE VIVIENDAS - Concello de Mugardos\",\"isPartOf\":{\"@id\":\"https:\/\/mugardos.gal\/#website\"},\"primaryImageOfPage\":{\"@id\":\"https:\/\/mugardos.gal\/es\/mugardos-trabaja-en-un-convenio-con-la-sareb-para-la-creacion-de-un-parque-municipal-de-viviendas-2\/#primaryimage\"},\"datePublished\":\"2021-02-05T09:31:03+00:00\",\"dateModified\":\"2021-02-05T09:33:38+00:00\",\"author\":{\"@id\":\"https:\/\/mugardos.gal\/#\/schema\/person\/719cd20866185308d16992f11a158154\"},\"breadcrumb\":{\"@id\":\"https:\/\/mugardos.gal\/es\/mugardos-trabaja-en-un-convenio-con-la-sareb-para-la-creacion-de-un-parque-municipal-de-viviendas-2\/#breadcrumb\"},\"inLanguage\":\"es\",\"potentialAction\":[{\"@type\":\"ReadAction\",\"target\":[\"https:\/\/mugardos.gal\/es\/mugardos-trabaja-en-un-convenio-con-la-sareb-para-la-creacion-de-un-parque-municipal-de-viviendas-2\/\"]}]},{\"@type\":\"BreadcrumbList\",\"@id\":\"https:\/\/mugardos.gal\/es\/mugardos-trabaja-en-un-convenio-con-la-sareb-para-la-creacion-de-un-parque-municipal-de-viviendas-2\/#breadcrumb\",\"itemListElement\":[{\"@type\":\"ListItem\",\"position\":1,\"name\":\"Portada\",\"item\":\"https:\/\/mugardos.gal\/es\/\"},{\"@type\":\"ListItem\",\"position\":2,\"name\":\"MUGARDOS TRABAJA EN UN CONVENIO CON LA SAREB PARA LA CREACI\u00d3N DE UN PARQUE MUNICIPAL DE VIVIENDAS\"}]},{\"@type\":\"Person\",\"@id\":\"https:\/\/mugardos.gal\/#\/schema\/person\/719cd20866185308d16992f11a158154\",\"name\":\"soporte_MUGARDOS\",\"url\":\"https:\/\/mugardos.gal\/es\/author\/soporte_mugardos\/\"}]}<\/script>\n<!-- \/ Yoast SEO plugin. -->","yoast_head_json":{"title":"MUGARDOS TRABAJA EN UN CONVENIO CON LA SAREB PARA LA CREACI\u00d3N DE UN PARQUE MUNICIPAL DE VIVIENDAS - Concello de Mugardos","robots":{"index":"index","follow":"follow","max-snippet":"max-snippet:-1","max-image-preview":"max-image-preview:large","max-video-preview":"max-video-preview:-1"},"canonical":"https:\/\/mugardos.gal\/es\/mugardos-trabaja-en-un-convenio-con-la-sareb-para-la-creacion-de-un-parque-municipal-de-viviendas-2\/","og_locale":"es_ES","og_type":"article","og_title":"MUGARDOS TRABAJA EN UN CONVENIO CON LA SAREB PARA LA CREACI\u00d3N DE UN PARQUE MUNICIPAL DE VIVIENDAS - Concello de Mugardos","og_description":"El alcalde Juan Domingo de Deus anunci\u00f3 hoy que el gobierno lleva semanas trabajando en un convenio con la SAREB para la creaci\u00f3n de un parque de viviendas municipal que contar\u00e1 con una bolsa de 10 pisos para alquilar a las familias mugardesas. El Ayuntamiento de Mugardos se encargar\u00e1 de amueblar y preparar las viviendas [&hellip;]","og_url":"https:\/\/mugardos.gal\/es\/mugardos-trabaja-en-un-convenio-con-la-sareb-para-la-creacion-de-un-parque-municipal-de-viviendas-2\/","og_site_name":"Concello de Mugardos","article_published_time":"2021-02-05T09:31:03+00:00","article_modified_time":"2021-02-05T09:33:38+00:00","og_image":[{"width":466,"height":426,"url":"https:\/\/mugardos.gal\/wp-content\/uploads\/2020\/03\/Casa-do-Concello.jpg","type":"image\/jpeg"}],"twitter_card":"summary_large_image","twitter_misc":{"Escrito por":"soporte_MUGARDOS","Tiempo de lectura":"1 minuto"},"schema":{"@context":"https:\/\/schema.org","@graph":[{"@type":"WebSite","@id":"https:\/\/mugardos.gal\/#website","url":"https:\/\/mugardos.gal\/","name":"Concello de Mugardos","description":"","potentialAction":[{"@type":"SearchAction","target":{"@type":"EntryPoint","urlTemplate":"https:\/\/mugardos.gal\/?s={search_term_string}"},"query-input":"required name=search_term_string"}],"inLanguage":"es"},{"@type":"ImageObject","inLanguage":"es","@id":"https:\/\/mugardos.gal\/es\/mugardos-trabaja-en-un-convenio-con-la-sareb-para-la-creacion-de-un-parque-municipal-de-viviendas-2\/#primaryimage","url":"https:\/\/mugardos.gal\/wp-content\/uploads\/2020\/03\/Casa-do-Concello.jpg","contentUrl":"https:\/\/mugardos.gal\/wp-content\/uploads\/2020\/03\/Casa-do-Concello.jpg","width":466,"height":426},{"@type":"WebPage","@id":"https:\/\/mugardos.gal\/es\/mugardos-trabaja-en-un-convenio-con-la-sareb-para-la-creacion-de-un-parque-municipal-de-viviendas-2\/#webpage","url":"https:\/\/mugardos.gal\/es\/mugardos-trabaja-en-un-convenio-con-la-sareb-para-la-creacion-de-un-parque-municipal-de-viviendas-2\/","name":"MUGARDOS TRABAJA EN UN CONVENIO CON LA SAREB PARA LA CREACI\u00d3N DE UN PARQUE MUNICIPAL DE VIVIENDAS - Concello de Mugardos","isPartOf":{"@id":"https:\/\/mugardos.gal\/#website"},"primaryImageOfPage":{"@id":"https:\/\/mugardos.gal\/es\/mugardos-trabaja-en-un-convenio-con-la-sareb-para-la-creacion-de-un-parque-municipal-de-viviendas-2\/#primaryimage"},"datePublished":"2021-02-05T09:31:03+00:00","dateModified":"2021-02-05T09:33:38+00:00","author":{"@id":"https:\/\/mugardos.gal\/#\/schema\/person\/719cd20866185308d16992f11a158154"},"breadcrumb":{"@id":"https:\/\/mugardos.gal\/es\/mugardos-trabaja-en-un-convenio-con-la-sareb-para-la-creacion-de-un-parque-municipal-de-viviendas-2\/#breadcrumb"},"inLanguage":"es","potentialAction":[{"@type":"ReadAction","target":["https:\/\/mugardos.gal\/es\/mugardos-trabaja-en-un-convenio-con-la-sareb-para-la-creacion-de-un-parque-municipal-de-viviendas-2\/"]}]},{"@type":"BreadcrumbList","@id":"https:\/\/mugardos.gal\/es\/mugardos-trabaja-en-un-convenio-con-la-sareb-para-la-creacion-de-un-parque-municipal-de-viviendas-2\/#breadcrumb","itemListElement":[{"@type":"ListItem","position":1,"name":"Portada","item":"https:\/\/mugardos.gal\/es\/"},{"@type":"ListItem","position":2,"name":"MUGARDOS TRABAJA EN UN CONVENIO CON LA SAREB PARA LA CREACI\u00d3N DE UN PARQUE MUNICIPAL DE VIVIENDAS"}]},{"@type":"Person","@id":"https:\/\/mugardos.gal\/#\/schema\/person\/719cd20866185308d16992f11a158154","name":"soporte_MUGARDOS","url":"https:\/\/mugardos.gal\/es\/author\/soporte_mugardos\/"}]}},"_links":{"self":[{"href":"https:\/\/mugardos.gal\/es\/wp-json\/wp\/v2\/posts\/11441"}],"collection":[{"href":"https:\/\/mugardos.gal\/es\/wp-json\/wp\/v2\/posts"}],"about":[{"href":"https:\/\/mugardos.gal\/es\/wp-json\/wp\/v2\/types\/post"}],"author":[{"embeddable":true,"href":"https:\/\/mugardos.gal\/es\/wp-json\/wp\/v2\/users\/4"}],"replies":[{"embeddable":true,"href":"https:\/\/mugardos.gal\/es\/wp-json\/wp\/v2\/comments?post=11441"}],"version-history":[{"count":0,"href":"https:\/\/mugardos.gal\/es\/wp-json\/wp\/v2\/posts\/11441\/revisions"}],"wp:featuredmedia":[{"embeddable":true,"href":"https:\/\/mugardos.gal\/es\/wp-json\/wp\/v2\/media\/244"}],"wp:attachment":[{"href":"https:\/\/mugardos.gal\/es\/wp-json\/wp\/v2\/media?parent=11441"}],"wp:term":[{"taxonomy":"category","embeddable":true,"href":"https:\/\/mugardos.gal\/es\/wp-json\/wp\/v2\/categories?post=11441"},{"taxonomy":"post_tag","embeddable":true,"href":"https:\/\/mugardos.gal\/es\/wp-json\/wp\/v2\/tags?post=11441"}],"curies":[{"name":"wp","href":"https:\/\/api.w.org\/{rel}","templated":true}]}}