{"id":11258,"date":"2021-01-16T09:28:24","date_gmt":"2021-01-16T07:28:24","guid":{"rendered":"https:\/\/mugardos.gal\/?p=11258"},"modified":"2021-01-16T09:28:47","modified_gmt":"2021-01-16T07:28:47","slug":"el-gobierno-saca-a-licitacion-el-nuevo-servicio-de-comedor-escolar-municipal","status":"publish","type":"post","link":"https:\/\/mugardos.gal\/es\/el-gobierno-saca-a-licitacion-el-nuevo-servicio-de-comedor-escolar-municipal\/","title":{"rendered":"EL GOBIERNO SACA A LICITACI\u00d3N EL NUEVO SERVICIO DE COMEDOR ESCOLAR MUNICIPAL"},"content":{"rendered":"<p style=\"text-align: justify;\">La Concejal\u00eda de Educaci\u00f3n inform\u00f3 hoy de la apertura del procedimiento de licitaci\u00f3n para la concesi\u00f3n del servicio de comedor escolar a una nueva empresa, lo que permitir\u00e1 aumentar el n\u00famero de ni\u00f1as y ni\u00f1os usuarios del servicio.<\/p>\n<p style=\"text-align: justify;\">Esta licitaci\u00f3n dar\u00e1 lugar a la contrataci\u00f3n de una empresa tanto en el comedor del CEIP Uni\u00f3n Mugardesa como en el Santiago Ap\u00f3stol de Franza durante 2 a\u00f1os por importe de 233.620,32 euros, ampliables a otros dos ejercicios.<\/p>\n<p style=\"text-align: justify;\">Tras la puesta en marcha de este procedimiento por parte del gobierno municipal, se implementar\u00e1 una mejora sustancial en el servicio de comedor municipal, tanto por la ampliaci\u00f3n del n\u00famero de usuarios, como por el aumento del n\u00famero de monitores y de la calidad del men\u00fa que, aunque experimentar\u00e1 una subida de precio, esta ser\u00e1 asumida por la administraci\u00f3n y no repercutida a las familias.<\/p>\n<p style=\"text-align: justify;\">Desde la Concejal\u00eda de Educaci\u00f3n comunicaron tambi\u00e9n que siguen trabajando en el comedor escolar para poder dar acceso al servicio a m\u00e1s ni\u00f1os y ni\u00f1as y hacerlo con las m\u00e1ximas medidas de seguridad posibles, y en las pr\u00f3ximas fechas se proceder\u00e1 a la colocaci\u00f3n de las mamparas en cada uno de los puestos, as\u00ed como la instalaci\u00f3n de las mosquiteras en las ventanas que permitir\u00e1n una mejor ventilaci\u00f3n de los espacios.<\/p>\n","protected":false},"excerpt":{"rendered":"<p>La Concejal\u00eda de Educaci\u00f3n inform\u00f3 hoy de la apertura del procedimiento de licitaci\u00f3n para la concesi\u00f3n del servicio de comedor escolar a una nueva empresa, lo que permitir\u00e1 aumentar el n\u00famero de ni\u00f1as y ni\u00f1os usuarios del servicio. Esta licitaci\u00f3n dar\u00e1 lugar a la contrataci\u00f3n de una empresa tanto en el comedor del CEIP Uni\u00f3n [&hellip;]<\/p>\n","protected":false},"author":4,"featured_media":10207,"comment_status":"closed","ping_status":"closed","sticky":false,"template":"","format":"standard","meta":[],"categories":[47,52,12],"tags":[],"yoast_head":"<!-- This site is optimized with the Yoast SEO plugin v18.9 - https:\/\/yoast.com\/wordpress\/plugins\/seo\/ -->\n<title>EL GOBIERNO SACA A LICITACI\u00d3N EL NUEVO SERVICIO DE COMEDOR ESCOLAR MUNICIPAL - Concello de Mugardos<\/title>\n<meta name=\"robots\" content=\"index, follow, max-snippet:-1, max-image-preview:large, max-video-preview:-1\" \/>\n<link rel=\"canonical\" href=\"https:\/\/mugardos.gal\/es\/el-gobierno-saca-a-licitacion-el-nuevo-servicio-de-comedor-escolar-municipal\/\" \/>\n<meta property=\"og:locale\" content=\"es_ES\" \/>\n<meta property=\"og:type\" content=\"article\" \/>\n<meta property=\"og:title\" content=\"EL GOBIERNO SACA A LICITACI\u00d3N EL NUEVO SERVICIO DE COMEDOR ESCOLAR MUNICIPAL - Concello de Mugardos\" \/>\n<meta property=\"og:description\" content=\"La Concejal\u00eda de Educaci\u00f3n inform\u00f3 hoy de la apertura del procedimiento de licitaci\u00f3n para la concesi\u00f3n del servicio de comedor escolar a una nueva empresa, lo que permitir\u00e1 aumentar el n\u00famero de ni\u00f1as y ni\u00f1os usuarios del servicio. Esta licitaci\u00f3n dar\u00e1 lugar a la contrataci\u00f3n de una empresa tanto en el comedor del CEIP Uni\u00f3n [&hellip;]\" \/>\n<meta property=\"og:url\" content=\"https:\/\/mugardos.gal\/es\/el-gobierno-saca-a-licitacion-el-nuevo-servicio-de-comedor-escolar-municipal\/\" \/>\n<meta property=\"og:site_name\" content=\"Concello de Mugardos\" \/>\n<meta property=\"article:published_time\" content=\"2021-01-16T07:28:24+00:00\" \/>\n<meta property=\"article:modified_time\" content=\"2021-01-16T07:28:47+00:00\" \/>\n<meta property=\"og:image\" content=\"https:\/\/mugardos.gal\/wp-content\/uploads\/2020\/10\/Comedor-escolar-medidas-COVID.jpg\" \/>\n\t<meta property=\"og:image:width\" content=\"960\" \/>\n\t<meta property=\"og:image:height\" content=\"720\" \/>\n\t<meta property=\"og:image:type\" content=\"image\/jpeg\" \/>\n<meta name=\"twitter:card\" content=\"summary_large_image\" \/>\n<meta name=\"twitter:label1\" content=\"Escrito por\" \/>\n\t<meta name=\"twitter:data1\" content=\"soporte_MUGARDOS\" \/>\n\t<meta name=\"twitter:label2\" content=\"Tiempo de lectura\" \/>\n\t<meta name=\"twitter:data2\" content=\"1 minuto\" \/>\n<script type=\"application\/ld+json\" class=\"yoast-schema-graph\">{\"@context\":\"https:\/\/schema.org\",\"@graph\":[{\"@type\":\"WebSite\",\"@id\":\"https:\/\/mugardos.gal\/#website\",\"url\":\"https:\/\/mugardos.gal\/\",\"name\":\"Concello de Mugardos\",\"description\":\"\",\"potentialAction\":[{\"@type\":\"SearchAction\",\"target\":{\"@type\":\"EntryPoint\",\"urlTemplate\":\"https:\/\/mugardos.gal\/?s={search_term_string}\"},\"query-input\":\"required name=search_term_string\"}],\"inLanguage\":\"es\"},{\"@type\":\"ImageObject\",\"inLanguage\":\"es\",\"@id\":\"https:\/\/mugardos.gal\/es\/el-gobierno-saca-a-licitacion-el-nuevo-servicio-de-comedor-escolar-municipal\/#primaryimage\",\"url\":\"https:\/\/mugardos.gal\/wp-content\/uploads\/2020\/10\/Comedor-escolar-medidas-COVID.jpg\",\"contentUrl\":\"https:\/\/mugardos.gal\/wp-content\/uploads\/2020\/10\/Comedor-escolar-medidas-COVID.jpg\",\"width\":960,\"height\":720},{\"@type\":\"WebPage\",\"@id\":\"https:\/\/mugardos.gal\/es\/el-gobierno-saca-a-licitacion-el-nuevo-servicio-de-comedor-escolar-municipal\/#webpage\",\"url\":\"https:\/\/mugardos.gal\/es\/el-gobierno-saca-a-licitacion-el-nuevo-servicio-de-comedor-escolar-municipal\/\",\"name\":\"EL GOBIERNO SACA A LICITACI\u00d3N EL NUEVO SERVICIO DE COMEDOR ESCOLAR MUNICIPAL - Concello de Mugardos\",\"isPartOf\":{\"@id\":\"https:\/\/mugardos.gal\/#website\"},\"primaryImageOfPage\":{\"@id\":\"https:\/\/mugardos.gal\/es\/el-gobierno-saca-a-licitacion-el-nuevo-servicio-de-comedor-escolar-municipal\/#primaryimage\"},\"datePublished\":\"2021-01-16T07:28:24+00:00\",\"dateModified\":\"2021-01-16T07:28:47+00:00\",\"author\":{\"@id\":\"https:\/\/mugardos.gal\/#\/schema\/person\/719cd20866185308d16992f11a158154\"},\"breadcrumb\":{\"@id\":\"https:\/\/mugardos.gal\/es\/el-gobierno-saca-a-licitacion-el-nuevo-servicio-de-comedor-escolar-municipal\/#breadcrumb\"},\"inLanguage\":\"es\",\"potentialAction\":[{\"@type\":\"ReadAction\",\"target\":[\"https:\/\/mugardos.gal\/es\/el-gobierno-saca-a-licitacion-el-nuevo-servicio-de-comedor-escolar-municipal\/\"]}]},{\"@type\":\"BreadcrumbList\",\"@id\":\"https:\/\/mugardos.gal\/es\/el-gobierno-saca-a-licitacion-el-nuevo-servicio-de-comedor-escolar-municipal\/#breadcrumb\",\"itemListElement\":[{\"@type\":\"ListItem\",\"position\":1,\"name\":\"Portada\",\"item\":\"https:\/\/mugardos.gal\/es\/\"},{\"@type\":\"ListItem\",\"position\":2,\"name\":\"EL GOBIERNO SACA A LICITACI\u00d3N EL NUEVO SERVICIO DE COMEDOR ESCOLAR MUNICIPAL\"}]},{\"@type\":\"Person\",\"@id\":\"https:\/\/mugardos.gal\/#\/schema\/person\/719cd20866185308d16992f11a158154\",\"name\":\"soporte_MUGARDOS\",\"url\":\"https:\/\/mugardos.gal\/es\/author\/soporte_mugardos\/\"}]}<\/script>\n<!-- \/ Yoast SEO plugin. -->","yoast_head_json":{"title":"EL GOBIERNO SACA A LICITACI\u00d3N EL NUEVO SERVICIO DE COMEDOR ESCOLAR MUNICIPAL - Concello de Mugardos","robots":{"index":"index","follow":"follow","max-snippet":"max-snippet:-1","max-image-preview":"max-image-preview:large","max-video-preview":"max-video-preview:-1"},"canonical":"https:\/\/mugardos.gal\/es\/el-gobierno-saca-a-licitacion-el-nuevo-servicio-de-comedor-escolar-municipal\/","og_locale":"es_ES","og_type":"article","og_title":"EL GOBIERNO SACA A LICITACI\u00d3N EL NUEVO SERVICIO DE COMEDOR ESCOLAR MUNICIPAL - Concello de Mugardos","og_description":"La Concejal\u00eda de Educaci\u00f3n inform\u00f3 hoy de la apertura del procedimiento de licitaci\u00f3n para la concesi\u00f3n del servicio de comedor escolar a una nueva empresa, lo que permitir\u00e1 aumentar el n\u00famero de ni\u00f1as y ni\u00f1os usuarios del servicio. Esta licitaci\u00f3n dar\u00e1 lugar a la contrataci\u00f3n de una empresa tanto en el comedor del CEIP Uni\u00f3n [&hellip;]","og_url":"https:\/\/mugardos.gal\/es\/el-gobierno-saca-a-licitacion-el-nuevo-servicio-de-comedor-escolar-municipal\/","og_site_name":"Concello de Mugardos","article_published_time":"2021-01-16T07:28:24+00:00","article_modified_time":"2021-01-16T07:28:47+00:00","og_image":[{"width":960,"height":720,"url":"https:\/\/mugardos.gal\/wp-content\/uploads\/2020\/10\/Comedor-escolar-medidas-COVID.jpg","type":"image\/jpeg"}],"twitter_card":"summary_large_image","twitter_misc":{"Escrito por":"soporte_MUGARDOS","Tiempo de lectura":"1 minuto"},"schema":{"@context":"https:\/\/schema.org","@graph":[{"@type":"WebSite","@id":"https:\/\/mugardos.gal\/#website","url":"https:\/\/mugardos.gal\/","name":"Concello de Mugardos","description":"","potentialAction":[{"@type":"SearchAction","target":{"@type":"EntryPoint","urlTemplate":"https:\/\/mugardos.gal\/?s={search_term_string}"},"query-input":"required name=search_term_string"}],"inLanguage":"es"},{"@type":"ImageObject","inLanguage":"es","@id":"https:\/\/mugardos.gal\/es\/el-gobierno-saca-a-licitacion-el-nuevo-servicio-de-comedor-escolar-municipal\/#primaryimage","url":"https:\/\/mugardos.gal\/wp-content\/uploads\/2020\/10\/Comedor-escolar-medidas-COVID.jpg","contentUrl":"https:\/\/mugardos.gal\/wp-content\/uploads\/2020\/10\/Comedor-escolar-medidas-COVID.jpg","width":960,"height":720},{"@type":"WebPage","@id":"https:\/\/mugardos.gal\/es\/el-gobierno-saca-a-licitacion-el-nuevo-servicio-de-comedor-escolar-municipal\/#webpage","url":"https:\/\/mugardos.gal\/es\/el-gobierno-saca-a-licitacion-el-nuevo-servicio-de-comedor-escolar-municipal\/","name":"EL GOBIERNO SACA A LICITACI\u00d3N EL NUEVO SERVICIO DE COMEDOR ESCOLAR MUNICIPAL - Concello de Mugardos","isPartOf":{"@id":"https:\/\/mugardos.gal\/#website"},"primaryImageOfPage":{"@id":"https:\/\/mugardos.gal\/es\/el-gobierno-saca-a-licitacion-el-nuevo-servicio-de-comedor-escolar-municipal\/#primaryimage"},"datePublished":"2021-01-16T07:28:24+00:00","dateModified":"2021-01-16T07:28:47+00:00","author":{"@id":"https:\/\/mugardos.gal\/#\/schema\/person\/719cd20866185308d16992f11a158154"},"breadcrumb":{"@id":"https:\/\/mugardos.gal\/es\/el-gobierno-saca-a-licitacion-el-nuevo-servicio-de-comedor-escolar-municipal\/#breadcrumb"},"inLanguage":"es","potentialAction":[{"@type":"ReadAction","target":["https:\/\/mugardos.gal\/es\/el-gobierno-saca-a-licitacion-el-nuevo-servicio-de-comedor-escolar-municipal\/"]}]},{"@type":"BreadcrumbList","@id":"https:\/\/mugardos.gal\/es\/el-gobierno-saca-a-licitacion-el-nuevo-servicio-de-comedor-escolar-municipal\/#breadcrumb","itemListElement":[{"@type":"ListItem","position":1,"name":"Portada","item":"https:\/\/mugardos.gal\/es\/"},{"@type":"ListItem","position":2,"name":"EL GOBIERNO SACA A LICITACI\u00d3N EL NUEVO SERVICIO DE COMEDOR ESCOLAR MUNICIPAL"}]},{"@type":"Person","@id":"https:\/\/mugardos.gal\/#\/schema\/person\/719cd20866185308d16992f11a158154","name":"soporte_MUGARDOS","url":"https:\/\/mugardos.gal\/es\/author\/soporte_mugardos\/"}]}},"_links":{"self":[{"href":"https:\/\/mugardos.gal\/es\/wp-json\/wp\/v2\/posts\/11258"}],"collection":[{"href":"https:\/\/mugardos.gal\/es\/wp-json\/wp\/v2\/posts"}],"about":[{"href":"https:\/\/mugardos.gal\/es\/wp-json\/wp\/v2\/types\/post"}],"author":[{"embeddable":true,"href":"https:\/\/mugardos.gal\/es\/wp-json\/wp\/v2\/users\/4"}],"replies":[{"embeddable":true,"href":"https:\/\/mugardos.gal\/es\/wp-json\/wp\/v2\/comments?post=11258"}],"version-history":[{"count":0,"href":"https:\/\/mugardos.gal\/es\/wp-json\/wp\/v2\/posts\/11258\/revisions"}],"wp:featuredmedia":[{"embeddable":true,"href":"https:\/\/mugardos.gal\/es\/wp-json\/wp\/v2\/media\/10207"}],"wp:attachment":[{"href":"https:\/\/mugardos.gal\/es\/wp-json\/wp\/v2\/media?parent=11258"}],"wp:term":[{"taxonomy":"category","embeddable":true,"href":"https:\/\/mugardos.gal\/es\/wp-json\/wp\/v2\/categories?post=11258"},{"taxonomy":"post_tag","embeddable":true,"href":"https:\/\/mugardos.gal\/es\/wp-json\/wp\/v2\/tags?post=11258"}],"curies":[{"name":"wp","href":"https:\/\/api.w.org\/{rel}","templated":true}]}}