{"id":10662,"date":"2020-11-20T14:49:52","date_gmt":"2020-11-20T12:49:52","guid":{"rendered":"https:\/\/mugardos.gal\/?p=10662"},"modified":"2020-11-20T14:50:31","modified_gmt":"2020-11-20T12:50:31","slug":"la-concejalia-de-movilidad-ampliara-las-medidas-de-control-de-velocidad-y-mejora-de-la-circulacion","status":"publish","type":"post","link":"https:\/\/mugardos.gal\/es\/la-concejalia-de-movilidad-ampliara-las-medidas-de-control-de-velocidad-y-mejora-de-la-circulacion\/","title":{"rendered":"LA CONCEJAL\u00cdA DE MOVILIDAD AMPLIAR\u00c1 LAS MEDIDAS DE CONTROL DE VELOCIDAD Y MEJORA DE LA CIRCULACI\u00d3N"},"content":{"rendered":"<p style=\"text-align: justify;\">El concejal de Movilidad y alcalde, Juan Domingo de Deus, inform\u00f3 hoy de la ampliaci\u00f3n de las medidas de refuerzo de la se\u00f1alizaci\u00f3n en las v\u00edas municipales, tras el \u00e9xito de la instalaci\u00f3n de los reductores de velocidad en la calle O Cristo.<\/p>\n<p style=\"text-align: justify;\">Seg\u00fan se vayan obteniendo y analizando los resultados del estudio en el resto de los puntos sometidos a control en los entornos de los centros de educaci\u00f3n pendientes, desde la concejal\u00eda se anuncia la adopci\u00f3n de medidas \u201cEs una necesidad aumentar la seguridad en la circulaci\u00f3n y el control de velocidad, por la tranquilidad de todos y en especial de los peatones\u201d.<\/p>\n<p style=\"text-align: justify;\">En todo caso, la concejal\u00eda decidi\u00f3 ampliar tambi\u00e9n las medidas a adoptar con la propuesta en las pr\u00f3ximas fechas del cambio del sentido de circulaci\u00f3n a los vecinos de la calle de O Casal, por lo que la Polic\u00eda Local se pondr\u00e1 en contacto para la recogida de opiniones y propuestas.<\/p>\n<p style=\"text-align: justify;\">\u201cEstamos realizando un an\u00e1lisis exhaustivo de la situaci\u00f3n de la circulaci\u00f3n en las v\u00edas municipales, especialmente en los puntos m\u00e1s conflictivos, pero abordaremos todas las medidas necesarias para la mejora de la seguridad\u201d<\/p>\n<p style=\"text-align: justify;\">Juan Domingo de Deus confirm\u00f3 que se abordar\u00e1 tambi\u00e9n la problem\u00e1tica de los aparcamientos en zonas puntuales desde su departamento \u201cLos vecinos y vecinas lleva a\u00f1os demandando una actuaci\u00f3n \u00fatil, decidida y planificada en este sentido, y en esa direcci\u00f3n dirigiremos nuestra gesti\u00f3n y las medidas\u201d.<\/p>\n<p style=\"text-align: justify;\">Dentro de esta l\u00ednea de trabajo se encuadra la nueva campa\u00f1a de reparto de chalecos entre los peatones realizada por la Polic\u00eda Local en colaboraci\u00f3n con la Conseller\u00eda de Movilidad de la Xunta de Galicia \u201cQueremos que los peatones se dejen ver, puedan salir con seguridad, y todos y todas disfrutemos de los espacios abiertos y de pasear o hacer ejercicio con tranquilidad\u201d.\u00a0<\/p>\n<p style=\"text-align: justify;\">200 chalecos para peatones (no homologados para conductores) que est\u00e1n a disposici\u00f3n de los ciudadanos poni\u00e9ndose en contacto con la Polic\u00eda Local o la Concejal\u00eda de Servicios.<\/p>\n","protected":false},"excerpt":{"rendered":"<p>El concejal de Movilidad y alcalde, Juan Domingo de Deus, inform\u00f3 hoy de la ampliaci\u00f3n de las medidas de refuerzo de la se\u00f1alizaci\u00f3n en las v\u00edas municipales, tras el \u00e9xito de la instalaci\u00f3n de los reductores de velocidad en la calle O Cristo. Seg\u00fan se vayan obteniendo y analizando los resultados del estudio en el [&hellip;]<\/p>\n","protected":false},"author":4,"featured_media":10573,"comment_status":"closed","ping_status":"closed","sticky":false,"template":"","format":"standard","meta":[],"categories":[12,36,54],"tags":[],"yoast_head":"<!-- This site is optimized with the Yoast SEO plugin v18.9 - https:\/\/yoast.com\/wordpress\/plugins\/seo\/ -->\n<title>LA CONCEJAL\u00cdA DE MOVILIDAD AMPLIAR\u00c1 LAS MEDIDAS DE CONTROL DE VELOCIDAD Y MEJORA DE LA CIRCULACI\u00d3N - Concello de Mugardos<\/title>\n<meta name=\"robots\" content=\"index, follow, max-snippet:-1, max-image-preview:large, max-video-preview:-1\" \/>\n<link rel=\"canonical\" href=\"https:\/\/mugardos.gal\/es\/la-concejalia-de-movilidad-ampliara-las-medidas-de-control-de-velocidad-y-mejora-de-la-circulacion\/\" \/>\n<meta property=\"og:locale\" content=\"es_ES\" \/>\n<meta property=\"og:type\" content=\"article\" \/>\n<meta property=\"og:title\" content=\"LA CONCEJAL\u00cdA DE MOVILIDAD AMPLIAR\u00c1 LAS MEDIDAS DE CONTROL DE VELOCIDAD Y MEJORA DE LA CIRCULACI\u00d3N - Concello de Mugardos\" \/>\n<meta property=\"og:description\" content=\"El concejal de Movilidad y alcalde, Juan Domingo de Deus, inform\u00f3 hoy de la ampliaci\u00f3n de las medidas de refuerzo de la se\u00f1alizaci\u00f3n en las v\u00edas municipales, tras el \u00e9xito de la instalaci\u00f3n de los reductores de velocidad en la calle O Cristo. Seg\u00fan se vayan obteniendo y analizando los resultados del estudio en el [&hellip;]\" \/>\n<meta property=\"og:url\" content=\"https:\/\/mugardos.gal\/es\/la-concejalia-de-movilidad-ampliara-las-medidas-de-control-de-velocidad-y-mejora-de-la-circulacion\/\" \/>\n<meta property=\"og:site_name\" content=\"Concello de Mugardos\" \/>\n<meta property=\"article:published_time\" content=\"2020-11-20T12:49:52+00:00\" \/>\n<meta property=\"article:modified_time\" content=\"2020-11-20T12:50:31+00:00\" \/>\n<meta property=\"og:image\" content=\"https:\/\/mugardos.gal\/wp-content\/uploads\/2020\/11\/Campana-Policia-Exceso-velocidad-colegios-2.jpeg\" \/>\n\t<meta property=\"og:image:width\" content=\"2000\" \/>\n\t<meta property=\"og:image:height\" content=\"1125\" \/>\n\t<meta property=\"og:image:type\" content=\"image\/jpeg\" \/>\n<meta name=\"twitter:card\" content=\"summary_large_image\" \/>\n<meta name=\"twitter:label1\" content=\"Escrito por\" \/>\n\t<meta name=\"twitter:data1\" content=\"soporte_MUGARDOS\" \/>\n\t<meta name=\"twitter:label2\" content=\"Tiempo de lectura\" \/>\n\t<meta name=\"twitter:data2\" content=\"2 minutos\" \/>\n<script type=\"application\/ld+json\" class=\"yoast-schema-graph\">{\"@context\":\"https:\/\/schema.org\",\"@graph\":[{\"@type\":\"WebSite\",\"@id\":\"https:\/\/mugardos.gal\/#website\",\"url\":\"https:\/\/mugardos.gal\/\",\"name\":\"Concello de Mugardos\",\"description\":\"\",\"potentialAction\":[{\"@type\":\"SearchAction\",\"target\":{\"@type\":\"EntryPoint\",\"urlTemplate\":\"https:\/\/mugardos.gal\/?s={search_term_string}\"},\"query-input\":\"required name=search_term_string\"}],\"inLanguage\":\"es\"},{\"@type\":\"ImageObject\",\"inLanguage\":\"es\",\"@id\":\"https:\/\/mugardos.gal\/es\/la-concejalia-de-movilidad-ampliara-las-medidas-de-control-de-velocidad-y-mejora-de-la-circulacion\/#primaryimage\",\"url\":\"https:\/\/mugardos.gal\/wp-content\/uploads\/2020\/11\/Campana-Policia-Exceso-velocidad-colegios-2.jpeg\",\"contentUrl\":\"https:\/\/mugardos.gal\/wp-content\/uploads\/2020\/11\/Campana-Policia-Exceso-velocidad-colegios-2.jpeg\",\"width\":2000,\"height\":1125},{\"@type\":\"WebPage\",\"@id\":\"https:\/\/mugardos.gal\/es\/la-concejalia-de-movilidad-ampliara-las-medidas-de-control-de-velocidad-y-mejora-de-la-circulacion\/#webpage\",\"url\":\"https:\/\/mugardos.gal\/es\/la-concejalia-de-movilidad-ampliara-las-medidas-de-control-de-velocidad-y-mejora-de-la-circulacion\/\",\"name\":\"LA CONCEJAL\u00cdA DE MOVILIDAD AMPLIAR\u00c1 LAS MEDIDAS DE CONTROL DE VELOCIDAD Y MEJORA DE LA CIRCULACI\u00d3N - Concello de Mugardos\",\"isPartOf\":{\"@id\":\"https:\/\/mugardos.gal\/#website\"},\"primaryImageOfPage\":{\"@id\":\"https:\/\/mugardos.gal\/es\/la-concejalia-de-movilidad-ampliara-las-medidas-de-control-de-velocidad-y-mejora-de-la-circulacion\/#primaryimage\"},\"datePublished\":\"2020-11-20T12:49:52+00:00\",\"dateModified\":\"2020-11-20T12:50:31+00:00\",\"author\":{\"@id\":\"https:\/\/mugardos.gal\/#\/schema\/person\/719cd20866185308d16992f11a158154\"},\"breadcrumb\":{\"@id\":\"https:\/\/mugardos.gal\/es\/la-concejalia-de-movilidad-ampliara-las-medidas-de-control-de-velocidad-y-mejora-de-la-circulacion\/#breadcrumb\"},\"inLanguage\":\"es\",\"potentialAction\":[{\"@type\":\"ReadAction\",\"target\":[\"https:\/\/mugardos.gal\/es\/la-concejalia-de-movilidad-ampliara-las-medidas-de-control-de-velocidad-y-mejora-de-la-circulacion\/\"]}]},{\"@type\":\"BreadcrumbList\",\"@id\":\"https:\/\/mugardos.gal\/es\/la-concejalia-de-movilidad-ampliara-las-medidas-de-control-de-velocidad-y-mejora-de-la-circulacion\/#breadcrumb\",\"itemListElement\":[{\"@type\":\"ListItem\",\"position\":1,\"name\":\"Portada\",\"item\":\"https:\/\/mugardos.gal\/es\/\"},{\"@type\":\"ListItem\",\"position\":2,\"name\":\"LA CONCEJAL\u00cdA DE MOVILIDAD AMPLIAR\u00c1 LAS MEDIDAS DE CONTROL DE VELOCIDAD Y MEJORA DE LA CIRCULACI\u00d3N\"}]},{\"@type\":\"Person\",\"@id\":\"https:\/\/mugardos.gal\/#\/schema\/person\/719cd20866185308d16992f11a158154\",\"name\":\"soporte_MUGARDOS\",\"url\":\"https:\/\/mugardos.gal\/es\/author\/soporte_mugardos\/\"}]}<\/script>\n<!-- \/ Yoast SEO plugin. -->","yoast_head_json":{"title":"LA CONCEJAL\u00cdA DE MOVILIDAD AMPLIAR\u00c1 LAS MEDIDAS DE CONTROL DE VELOCIDAD Y MEJORA DE LA CIRCULACI\u00d3N - Concello de Mugardos","robots":{"index":"index","follow":"follow","max-snippet":"max-snippet:-1","max-image-preview":"max-image-preview:large","max-video-preview":"max-video-preview:-1"},"canonical":"https:\/\/mugardos.gal\/es\/la-concejalia-de-movilidad-ampliara-las-medidas-de-control-de-velocidad-y-mejora-de-la-circulacion\/","og_locale":"es_ES","og_type":"article","og_title":"LA CONCEJAL\u00cdA DE MOVILIDAD AMPLIAR\u00c1 LAS MEDIDAS DE CONTROL DE VELOCIDAD Y MEJORA DE LA CIRCULACI\u00d3N - Concello de Mugardos","og_description":"El concejal de Movilidad y alcalde, Juan Domingo de Deus, inform\u00f3 hoy de la ampliaci\u00f3n de las medidas de refuerzo de la se\u00f1alizaci\u00f3n en las v\u00edas municipales, tras el \u00e9xito de la instalaci\u00f3n de los reductores de velocidad en la calle O Cristo. Seg\u00fan se vayan obteniendo y analizando los resultados del estudio en el [&hellip;]","og_url":"https:\/\/mugardos.gal\/es\/la-concejalia-de-movilidad-ampliara-las-medidas-de-control-de-velocidad-y-mejora-de-la-circulacion\/","og_site_name":"Concello de Mugardos","article_published_time":"2020-11-20T12:49:52+00:00","article_modified_time":"2020-11-20T12:50:31+00:00","og_image":[{"width":2000,"height":1125,"url":"https:\/\/mugardos.gal\/wp-content\/uploads\/2020\/11\/Campana-Policia-Exceso-velocidad-colegios-2.jpeg","type":"image\/jpeg"}],"twitter_card":"summary_large_image","twitter_misc":{"Escrito por":"soporte_MUGARDOS","Tiempo de lectura":"2 minutos"},"schema":{"@context":"https:\/\/schema.org","@graph":[{"@type":"WebSite","@id":"https:\/\/mugardos.gal\/#website","url":"https:\/\/mugardos.gal\/","name":"Concello de Mugardos","description":"","potentialAction":[{"@type":"SearchAction","target":{"@type":"EntryPoint","urlTemplate":"https:\/\/mugardos.gal\/?s={search_term_string}"},"query-input":"required name=search_term_string"}],"inLanguage":"es"},{"@type":"ImageObject","inLanguage":"es","@id":"https:\/\/mugardos.gal\/es\/la-concejalia-de-movilidad-ampliara-las-medidas-de-control-de-velocidad-y-mejora-de-la-circulacion\/#primaryimage","url":"https:\/\/mugardos.gal\/wp-content\/uploads\/2020\/11\/Campana-Policia-Exceso-velocidad-colegios-2.jpeg","contentUrl":"https:\/\/mugardos.gal\/wp-content\/uploads\/2020\/11\/Campana-Policia-Exceso-velocidad-colegios-2.jpeg","width":2000,"height":1125},{"@type":"WebPage","@id":"https:\/\/mugardos.gal\/es\/la-concejalia-de-movilidad-ampliara-las-medidas-de-control-de-velocidad-y-mejora-de-la-circulacion\/#webpage","url":"https:\/\/mugardos.gal\/es\/la-concejalia-de-movilidad-ampliara-las-medidas-de-control-de-velocidad-y-mejora-de-la-circulacion\/","name":"LA CONCEJAL\u00cdA DE MOVILIDAD AMPLIAR\u00c1 LAS MEDIDAS DE CONTROL DE VELOCIDAD Y MEJORA DE LA CIRCULACI\u00d3N - Concello de Mugardos","isPartOf":{"@id":"https:\/\/mugardos.gal\/#website"},"primaryImageOfPage":{"@id":"https:\/\/mugardos.gal\/es\/la-concejalia-de-movilidad-ampliara-las-medidas-de-control-de-velocidad-y-mejora-de-la-circulacion\/#primaryimage"},"datePublished":"2020-11-20T12:49:52+00:00","dateModified":"2020-11-20T12:50:31+00:00","author":{"@id":"https:\/\/mugardos.gal\/#\/schema\/person\/719cd20866185308d16992f11a158154"},"breadcrumb":{"@id":"https:\/\/mugardos.gal\/es\/la-concejalia-de-movilidad-ampliara-las-medidas-de-control-de-velocidad-y-mejora-de-la-circulacion\/#breadcrumb"},"inLanguage":"es","potentialAction":[{"@type":"ReadAction","target":["https:\/\/mugardos.gal\/es\/la-concejalia-de-movilidad-ampliara-las-medidas-de-control-de-velocidad-y-mejora-de-la-circulacion\/"]}]},{"@type":"BreadcrumbList","@id":"https:\/\/mugardos.gal\/es\/la-concejalia-de-movilidad-ampliara-las-medidas-de-control-de-velocidad-y-mejora-de-la-circulacion\/#breadcrumb","itemListElement":[{"@type":"ListItem","position":1,"name":"Portada","item":"https:\/\/mugardos.gal\/es\/"},{"@type":"ListItem","position":2,"name":"LA CONCEJAL\u00cdA DE MOVILIDAD AMPLIAR\u00c1 LAS MEDIDAS DE CONTROL DE VELOCIDAD Y MEJORA DE LA CIRCULACI\u00d3N"}]},{"@type":"Person","@id":"https:\/\/mugardos.gal\/#\/schema\/person\/719cd20866185308d16992f11a158154","name":"soporte_MUGARDOS","url":"https:\/\/mugardos.gal\/es\/author\/soporte_mugardos\/"}]}},"_links":{"self":[{"href":"https:\/\/mugardos.gal\/es\/wp-json\/wp\/v2\/posts\/10662"}],"collection":[{"href":"https:\/\/mugardos.gal\/es\/wp-json\/wp\/v2\/posts"}],"about":[{"href":"https:\/\/mugardos.gal\/es\/wp-json\/wp\/v2\/types\/post"}],"author":[{"embeddable":true,"href":"https:\/\/mugardos.gal\/es\/wp-json\/wp\/v2\/users\/4"}],"replies":[{"embeddable":true,"href":"https:\/\/mugardos.gal\/es\/wp-json\/wp\/v2\/comments?post=10662"}],"version-history":[{"count":0,"href":"https:\/\/mugardos.gal\/es\/wp-json\/wp\/v2\/posts\/10662\/revisions"}],"wp:featuredmedia":[{"embeddable":true,"href":"https:\/\/mugardos.gal\/es\/wp-json\/wp\/v2\/media\/10573"}],"wp:attachment":[{"href":"https:\/\/mugardos.gal\/es\/wp-json\/wp\/v2\/media?parent=10662"}],"wp:term":[{"taxonomy":"category","embeddable":true,"href":"https:\/\/mugardos.gal\/es\/wp-json\/wp\/v2\/categories?post=10662"},{"taxonomy":"post_tag","embeddable":true,"href":"https:\/\/mugardos.gal\/es\/wp-json\/wp\/v2\/tags?post=10662"}],"curies":[{"name":"wp","href":"https:\/\/api.w.org\/{rel}","templated":true}]}}