{"id":10549,"date":"2020-11-12T10:00:00","date_gmt":"2020-11-12T08:00:00","guid":{"rendered":"https:\/\/mugardos.gal\/?p=10549"},"modified":"2020-11-12T11:30:52","modified_gmt":"2020-11-12T09:30:52","slug":"ampliacion-de-los-plazos-de-justificacion-de-las-ayudas-educacion-y-transporte-en-el-ayuntamiento-de-mugardos","status":"publish","type":"post","link":"https:\/\/mugardos.gal\/es\/ampliacion-de-los-plazos-de-justificacion-de-las-ayudas-educacion-y-transporte-en-el-ayuntamiento-de-mugardos\/","title":{"rendered":"AMPLIACI\u00d3N DE LOS PLAZOS DE JUSTIFICACI\u00d3N DE LAS AYUDAS EDUCACI\u00d3N Y TRANSPORTE EN EL AYUNTAMIENTO DE MUGARDOS"},"content":{"rendered":"<p style=\"text-align: justify;\">La concejala de Bienestar Social Ana Varela inform\u00f3 de la decisi\u00f3n de ampliar los plazos de justificaci\u00f3n de la segunda convocatoria de las ayudas de eduaci\u00f3n y transporte 2020-2021 tanto para beneficiarios como para establecimientos.<\/p>\n<p style=\"text-align: justify;\">Finalmente, las personas beneficiarias de los vales podr\u00e1n canjear los vales en el establecimiento elegido hasta el 27 de noviembre de 2020.<\/p>\n<p style=\"text-align: justify;\">Y para los establecimientos el plazo m\u00e1ximo para la presentaci\u00f3n de las facturas en el ayuntamiento ser\u00e1 el 11 de diciembre de 2020.<\/p>\n<p style=\"text-align: justify;\">As\u00ed, el plazo total para la presentaci\u00f3n de las facturas en el Ayuntamiento de Mugardos comenzar\u00e1 el 6 de noviembre y acabar\u00e1 el 11 de diciembre de 2020.<\/p>\n<p style=\"text-align: justify;\">Ana Varela explic\u00f3 que el motivo de la ampliaci\u00f3n de los plazos fue la intenci\u00f3n de dar m\u00e1s capacidad a los beneficiarios para poder hacer uso de los vales dada la limitaci\u00f3n de movimientos y las dificultades para hacer compras, as\u00ed como facilitar las tareas de justificaci\u00f3n a los establecimientos.<\/p>\n","protected":false},"excerpt":{"rendered":"<p>La concejala de Bienestar Social Ana Varela inform\u00f3 de la decisi\u00f3n de ampliar los plazos de justificaci\u00f3n de la segunda convocatoria de las ayudas de eduaci\u00f3n y transporte 2020-2021 tanto para beneficiarios como para establecimientos. Finalmente, las personas beneficiarias de los vales podr\u00e1n canjear los vales en el establecimiento elegido hasta el 27 de noviembre [&hellip;]<\/p>\n","protected":false},"author":4,"featured_media":8576,"comment_status":"closed","ping_status":"closed","sticky":false,"template":"","format":"standard","meta":[],"categories":[47,49,52,12],"tags":[],"yoast_head":"<!-- This site is optimized with the Yoast SEO plugin v18.9 - https:\/\/yoast.com\/wordpress\/plugins\/seo\/ -->\n<title>AMPLIACI\u00d3N DE LOS PLAZOS DE JUSTIFICACI\u00d3N DE LAS AYUDAS EDUCACI\u00d3N Y TRANSPORTE EN EL AYUNTAMIENTO DE MUGARDOS - Concello de Mugardos<\/title>\n<meta name=\"robots\" content=\"index, follow, max-snippet:-1, max-image-preview:large, max-video-preview:-1\" \/>\n<link rel=\"canonical\" href=\"https:\/\/mugardos.gal\/es\/ampliacion-de-los-plazos-de-justificacion-de-las-ayudas-educacion-y-transporte-en-el-ayuntamiento-de-mugardos\/\" \/>\n<meta property=\"og:locale\" content=\"es_ES\" \/>\n<meta property=\"og:type\" content=\"article\" \/>\n<meta property=\"og:title\" content=\"AMPLIACI\u00d3N DE LOS PLAZOS DE JUSTIFICACI\u00d3N DE LAS AYUDAS EDUCACI\u00d3N Y TRANSPORTE EN EL AYUNTAMIENTO DE MUGARDOS - Concello de Mugardos\" \/>\n<meta property=\"og:description\" content=\"La concejala de Bienestar Social Ana Varela inform\u00f3 de la decisi\u00f3n de ampliar los plazos de justificaci\u00f3n de la segunda convocatoria de las ayudas de eduaci\u00f3n y transporte 2020-2021 tanto para beneficiarios como para establecimientos. Finalmente, las personas beneficiarias de los vales podr\u00e1n canjear los vales en el establecimiento elegido hasta el 27 de noviembre [&hellip;]\" \/>\n<meta property=\"og:url\" content=\"https:\/\/mugardos.gal\/es\/ampliacion-de-los-plazos-de-justificacion-de-las-ayudas-educacion-y-transporte-en-el-ayuntamiento-de-mugardos\/\" \/>\n<meta property=\"og:site_name\" content=\"Concello de Mugardos\" \/>\n<meta property=\"article:published_time\" content=\"2020-11-12T08:00:00+00:00\" \/>\n<meta property=\"article:modified_time\" content=\"2020-11-12T09:30:52+00:00\" \/>\n<meta property=\"og:image\" content=\"https:\/\/mugardos.gal\/wp-content\/uploads\/2020\/06\/CEIP-Uni\u00f3n-Mugardesa.jpg\" \/>\n\t<meta property=\"og:image:width\" content=\"500\" \/>\n\t<meta property=\"og:image:height\" content=\"375\" \/>\n\t<meta property=\"og:image:type\" content=\"image\/jpeg\" \/>\n<meta name=\"twitter:card\" content=\"summary_large_image\" \/>\n<meta name=\"twitter:label1\" content=\"Escrito por\" \/>\n\t<meta name=\"twitter:data1\" content=\"soporte_MUGARDOS\" \/>\n\t<meta name=\"twitter:label2\" content=\"Tiempo de lectura\" \/>\n\t<meta name=\"twitter:data2\" content=\"1 minuto\" \/>\n<script type=\"application\/ld+json\" class=\"yoast-schema-graph\">{\"@context\":\"https:\/\/schema.org\",\"@graph\":[{\"@type\":\"WebSite\",\"@id\":\"https:\/\/mugardos.gal\/#website\",\"url\":\"https:\/\/mugardos.gal\/\",\"name\":\"Concello de Mugardos\",\"description\":\"\",\"potentialAction\":[{\"@type\":\"SearchAction\",\"target\":{\"@type\":\"EntryPoint\",\"urlTemplate\":\"https:\/\/mugardos.gal\/?s={search_term_string}\"},\"query-input\":\"required name=search_term_string\"}],\"inLanguage\":\"es\"},{\"@type\":\"ImageObject\",\"inLanguage\":\"es\",\"@id\":\"https:\/\/mugardos.gal\/es\/ampliacion-de-los-plazos-de-justificacion-de-las-ayudas-educacion-y-transporte-en-el-ayuntamiento-de-mugardos\/#primaryimage\",\"url\":\"https:\/\/mugardos.gal\/wp-content\/uploads\/2020\/06\/CEIP-Uni\u00f3n-Mugardesa.jpg\",\"contentUrl\":\"https:\/\/mugardos.gal\/wp-content\/uploads\/2020\/06\/CEIP-Uni\u00f3n-Mugardesa.jpg\",\"width\":500,\"height\":375},{\"@type\":\"WebPage\",\"@id\":\"https:\/\/mugardos.gal\/es\/ampliacion-de-los-plazos-de-justificacion-de-las-ayudas-educacion-y-transporte-en-el-ayuntamiento-de-mugardos\/#webpage\",\"url\":\"https:\/\/mugardos.gal\/es\/ampliacion-de-los-plazos-de-justificacion-de-las-ayudas-educacion-y-transporte-en-el-ayuntamiento-de-mugardos\/\",\"name\":\"AMPLIACI\u00d3N DE LOS PLAZOS DE JUSTIFICACI\u00d3N DE LAS AYUDAS EDUCACI\u00d3N Y TRANSPORTE EN EL AYUNTAMIENTO DE MUGARDOS - Concello de Mugardos\",\"isPartOf\":{\"@id\":\"https:\/\/mugardos.gal\/#website\"},\"primaryImageOfPage\":{\"@id\":\"https:\/\/mugardos.gal\/es\/ampliacion-de-los-plazos-de-justificacion-de-las-ayudas-educacion-y-transporte-en-el-ayuntamiento-de-mugardos\/#primaryimage\"},\"datePublished\":\"2020-11-12T08:00:00+00:00\",\"dateModified\":\"2020-11-12T09:30:52+00:00\",\"author\":{\"@id\":\"https:\/\/mugardos.gal\/#\/schema\/person\/719cd20866185308d16992f11a158154\"},\"breadcrumb\":{\"@id\":\"https:\/\/mugardos.gal\/es\/ampliacion-de-los-plazos-de-justificacion-de-las-ayudas-educacion-y-transporte-en-el-ayuntamiento-de-mugardos\/#breadcrumb\"},\"inLanguage\":\"es\",\"potentialAction\":[{\"@type\":\"ReadAction\",\"target\":[\"https:\/\/mugardos.gal\/es\/ampliacion-de-los-plazos-de-justificacion-de-las-ayudas-educacion-y-transporte-en-el-ayuntamiento-de-mugardos\/\"]}]},{\"@type\":\"BreadcrumbList\",\"@id\":\"https:\/\/mugardos.gal\/es\/ampliacion-de-los-plazos-de-justificacion-de-las-ayudas-educacion-y-transporte-en-el-ayuntamiento-de-mugardos\/#breadcrumb\",\"itemListElement\":[{\"@type\":\"ListItem\",\"position\":1,\"name\":\"Portada\",\"item\":\"https:\/\/mugardos.gal\/es\/\"},{\"@type\":\"ListItem\",\"position\":2,\"name\":\"AMPLIACI\u00d3N DE LOS PLAZOS DE JUSTIFICACI\u00d3N DE LAS AYUDAS EDUCACI\u00d3N Y TRANSPORTE EN EL AYUNTAMIENTO DE MUGARDOS\"}]},{\"@type\":\"Person\",\"@id\":\"https:\/\/mugardos.gal\/#\/schema\/person\/719cd20866185308d16992f11a158154\",\"name\":\"soporte_MUGARDOS\",\"url\":\"https:\/\/mugardos.gal\/es\/author\/soporte_mugardos\/\"}]}<\/script>\n<!-- \/ Yoast SEO plugin. -->","yoast_head_json":{"title":"AMPLIACI\u00d3N DE LOS PLAZOS DE JUSTIFICACI\u00d3N DE LAS AYUDAS EDUCACI\u00d3N Y TRANSPORTE EN EL AYUNTAMIENTO DE MUGARDOS - Concello de Mugardos","robots":{"index":"index","follow":"follow","max-snippet":"max-snippet:-1","max-image-preview":"max-image-preview:large","max-video-preview":"max-video-preview:-1"},"canonical":"https:\/\/mugardos.gal\/es\/ampliacion-de-los-plazos-de-justificacion-de-las-ayudas-educacion-y-transporte-en-el-ayuntamiento-de-mugardos\/","og_locale":"es_ES","og_type":"article","og_title":"AMPLIACI\u00d3N DE LOS PLAZOS DE JUSTIFICACI\u00d3N DE LAS AYUDAS EDUCACI\u00d3N Y TRANSPORTE EN EL AYUNTAMIENTO DE MUGARDOS - Concello de Mugardos","og_description":"La concejala de Bienestar Social Ana Varela inform\u00f3 de la decisi\u00f3n de ampliar los plazos de justificaci\u00f3n de la segunda convocatoria de las ayudas de eduaci\u00f3n y transporte 2020-2021 tanto para beneficiarios como para establecimientos. Finalmente, las personas beneficiarias de los vales podr\u00e1n canjear los vales en el establecimiento elegido hasta el 27 de noviembre [&hellip;]","og_url":"https:\/\/mugardos.gal\/es\/ampliacion-de-los-plazos-de-justificacion-de-las-ayudas-educacion-y-transporte-en-el-ayuntamiento-de-mugardos\/","og_site_name":"Concello de Mugardos","article_published_time":"2020-11-12T08:00:00+00:00","article_modified_time":"2020-11-12T09:30:52+00:00","og_image":[{"width":500,"height":375,"url":"https:\/\/mugardos.gal\/wp-content\/uploads\/2020\/06\/CEIP-Uni\u00f3n-Mugardesa.jpg","type":"image\/jpeg"}],"twitter_card":"summary_large_image","twitter_misc":{"Escrito por":"soporte_MUGARDOS","Tiempo de lectura":"1 minuto"},"schema":{"@context":"https:\/\/schema.org","@graph":[{"@type":"WebSite","@id":"https:\/\/mugardos.gal\/#website","url":"https:\/\/mugardos.gal\/","name":"Concello de Mugardos","description":"","potentialAction":[{"@type":"SearchAction","target":{"@type":"EntryPoint","urlTemplate":"https:\/\/mugardos.gal\/?s={search_term_string}"},"query-input":"required name=search_term_string"}],"inLanguage":"es"},{"@type":"ImageObject","inLanguage":"es","@id":"https:\/\/mugardos.gal\/es\/ampliacion-de-los-plazos-de-justificacion-de-las-ayudas-educacion-y-transporte-en-el-ayuntamiento-de-mugardos\/#primaryimage","url":"https:\/\/mugardos.gal\/wp-content\/uploads\/2020\/06\/CEIP-Uni\u00f3n-Mugardesa.jpg","contentUrl":"https:\/\/mugardos.gal\/wp-content\/uploads\/2020\/06\/CEIP-Uni\u00f3n-Mugardesa.jpg","width":500,"height":375},{"@type":"WebPage","@id":"https:\/\/mugardos.gal\/es\/ampliacion-de-los-plazos-de-justificacion-de-las-ayudas-educacion-y-transporte-en-el-ayuntamiento-de-mugardos\/#webpage","url":"https:\/\/mugardos.gal\/es\/ampliacion-de-los-plazos-de-justificacion-de-las-ayudas-educacion-y-transporte-en-el-ayuntamiento-de-mugardos\/","name":"AMPLIACI\u00d3N DE LOS PLAZOS DE JUSTIFICACI\u00d3N DE LAS AYUDAS EDUCACI\u00d3N Y TRANSPORTE EN EL AYUNTAMIENTO DE MUGARDOS - Concello de Mugardos","isPartOf":{"@id":"https:\/\/mugardos.gal\/#website"},"primaryImageOfPage":{"@id":"https:\/\/mugardos.gal\/es\/ampliacion-de-los-plazos-de-justificacion-de-las-ayudas-educacion-y-transporte-en-el-ayuntamiento-de-mugardos\/#primaryimage"},"datePublished":"2020-11-12T08:00:00+00:00","dateModified":"2020-11-12T09:30:52+00:00","author":{"@id":"https:\/\/mugardos.gal\/#\/schema\/person\/719cd20866185308d16992f11a158154"},"breadcrumb":{"@id":"https:\/\/mugardos.gal\/es\/ampliacion-de-los-plazos-de-justificacion-de-las-ayudas-educacion-y-transporte-en-el-ayuntamiento-de-mugardos\/#breadcrumb"},"inLanguage":"es","potentialAction":[{"@type":"ReadAction","target":["https:\/\/mugardos.gal\/es\/ampliacion-de-los-plazos-de-justificacion-de-las-ayudas-educacion-y-transporte-en-el-ayuntamiento-de-mugardos\/"]}]},{"@type":"BreadcrumbList","@id":"https:\/\/mugardos.gal\/es\/ampliacion-de-los-plazos-de-justificacion-de-las-ayudas-educacion-y-transporte-en-el-ayuntamiento-de-mugardos\/#breadcrumb","itemListElement":[{"@type":"ListItem","position":1,"name":"Portada","item":"https:\/\/mugardos.gal\/es\/"},{"@type":"ListItem","position":2,"name":"AMPLIACI\u00d3N DE LOS PLAZOS DE JUSTIFICACI\u00d3N DE LAS AYUDAS EDUCACI\u00d3N Y TRANSPORTE EN EL AYUNTAMIENTO DE MUGARDOS"}]},{"@type":"Person","@id":"https:\/\/mugardos.gal\/#\/schema\/person\/719cd20866185308d16992f11a158154","name":"soporte_MUGARDOS","url":"https:\/\/mugardos.gal\/es\/author\/soporte_mugardos\/"}]}},"_links":{"self":[{"href":"https:\/\/mugardos.gal\/es\/wp-json\/wp\/v2\/posts\/10549"}],"collection":[{"href":"https:\/\/mugardos.gal\/es\/wp-json\/wp\/v2\/posts"}],"about":[{"href":"https:\/\/mugardos.gal\/es\/wp-json\/wp\/v2\/types\/post"}],"author":[{"embeddable":true,"href":"https:\/\/mugardos.gal\/es\/wp-json\/wp\/v2\/users\/4"}],"replies":[{"embeddable":true,"href":"https:\/\/mugardos.gal\/es\/wp-json\/wp\/v2\/comments?post=10549"}],"version-history":[{"count":0,"href":"https:\/\/mugardos.gal\/es\/wp-json\/wp\/v2\/posts\/10549\/revisions"}],"wp:featuredmedia":[{"embeddable":true,"href":"https:\/\/mugardos.gal\/es\/wp-json\/wp\/v2\/media\/8576"}],"wp:attachment":[{"href":"https:\/\/mugardos.gal\/es\/wp-json\/wp\/v2\/media?parent=10549"}],"wp:term":[{"taxonomy":"category","embeddable":true,"href":"https:\/\/mugardos.gal\/es\/wp-json\/wp\/v2\/categories?post=10549"},{"taxonomy":"post_tag","embeddable":true,"href":"https:\/\/mugardos.gal\/es\/wp-json\/wp\/v2\/tags?post=10549"}],"curies":[{"name":"wp","href":"https:\/\/api.w.org\/{rel}","templated":true}]}}