{"id":10458,"date":"2020-11-09T15:36:19","date_gmt":"2020-11-09T13:36:19","guid":{"rendered":"https:\/\/mugardos.gal\/?p=10458"},"modified":"2020-11-09T15:37:13","modified_gmt":"2020-11-09T13:37:13","slug":"publicada-la-primera-linea-de-ayudas-para-los-autonomos-y-comerciantes-mugardeses","status":"publish","type":"post","link":"https:\/\/mugardos.gal\/es\/publicada-la-primera-linea-de-ayudas-para-los-autonomos-y-comerciantes-mugardeses\/","title":{"rendered":"PUBLICADA LA PRIMERA L\u00cdNEA DE AYUDAS PARA LOS AUT\u00d3NOMOS Y COMERCIANTES MUGARDESES"},"content":{"rendered":"<p style=\"text-align: justify;\">El gobierno municipal informa de que ma\u00f1ana da inicio el plazo de solicitud de las ayudas PEL \u2013 REACTIVA, destinadas a financiar los gastos corrientes de las personas trabajadoras por cuenta propia o aut\u00f3nomas y las microempresas radicadas en Mugardos, que se vieran afectadas por la crisis sanitaria ocasionada por la COVID-19 y el estado de alarma de marzo.<\/p>\n<p style=\"text-align: justify;\">Podr\u00e1n ser beneficiarias de las ayudas las personas trabajadoras por cuenta propia, aut\u00f3nomas y micropymes afectadas por el estado de alarma de marzo que tengan su domicilio fiscal en el municipio de Mugardos, y que no est\u00e9n incursas en ninguno de los supuestos que impiden el acceso a las ayudas de entes p\u00fablicos, y el importe de las ayudas ir\u00e1n de los 1500 euros para los aut\u00f3nomos sin trabajadores a su cargo hasta los 3.000,00 \u20ac para los que tengan entre 6 y 9 trabajadores.<\/p>\n<p style=\"text-align: justify;\">Las solicitudes que cumplan con los requisitos establecidos en las bases reguladoras, se puntuar\u00e1n de acuerdo con los criterios de valoraci\u00f3n descritos en las propias bases, y los gastos subvencionables ser\u00e1n material\u00a0 antis\u00e9ptico o desinfectante, productos higi\u00e9nicos y de limpieza, los alquileres de maquinaria, veh\u00edculos, locales o instalaciones, la adaptaci\u00f3n de locales a las medidas de protecci\u00f3n frente a la COVID-19 (mamparas de protecci\u00f3n, etc), los seguros de responsabilidad civil y seguros de accidentes, y suministros como agua, gas, combustibles, electricidad, etc.<\/p>\n<p style=\"text-align: justify;\">El plazo de presentaci\u00f3n de las solicitudes de las ayudas estar\u00e1 abierto desde ma\u00f1ana 10 de noviembre y hasta el d\u00eda 25 de este mes, y las solicitudes deber\u00e1n presentarse a trav\u00e9s de la Sede electr\u00f3nica del ayuntamiento, accesible a trav\u00e9s del enlace https:\/\/sede.concellodemugardos. gal y deber\u00e1 realizarse utilizando el formulario de solicitud disponible en la sede.<\/p>\n<p style=\"text-align: justify;\">El Ayuntamiento de Mugardos se adhiri\u00f3 el 5 de octubre al programa PEL-REACTIVA: fondo de financiaci\u00f3n para la reactivaci\u00f3n econ\u00f3mica y social de la provincia de A Coru\u00f1a, lo que permite poner en marcha esta l\u00ednea de ayudas por un importe total de 64.133,71 euros, para las que el Ayuntamiento de Mugardos hizo una aportaci\u00f3n de 12.826,74 euros.<\/p>\n<p style=\"text-align: justify;\">Miguel Mah\u00eda, Concejal de Hacienda, confirm\u00f3 que esta semana se publicar\u00e1n tambi\u00e9n las ayudas municipales \u201cMugardos Reactiva\u201d que cuentan con un presupuesto de 137.000 y que ser\u00e1n compatibles con la l\u00ednea de la Diputaci\u00f3n.<\/p>\n<p style=\"text-align: justify;\">En el siguiente enlace puede accederse a las bases de las ayudas PEL \u2013 REACTIVA:<\/p>\n<p style=\"text-align: justify;\"><img loading=\"lazy\" class=\"alignnone wp-image-582\" src=\"https:\/\/mugardos.gal\/wp-content\/uploads\/2020\/03\/pdf.png\" alt=\"\" width=\"40\" height=\"40\" \/><a href=\"https:\/\/mugardos.gal\/wp-content\/uploads\/2020\/11\/BAses-PEL-Reactiva.pdf\">DESCARGAR PDF Ayudas PEL \u2013 REACTIVA Ayuntamiento de Mugardos<\/a><\/p>\n","protected":false},"excerpt":{"rendered":"<p>El gobierno municipal informa de que ma\u00f1ana da inicio el plazo de solicitud de las ayudas PEL \u2013 REACTIVA, destinadas a financiar los gastos corrientes de las personas trabajadoras por cuenta propia o aut\u00f3nomas y las microempresas radicadas en Mugardos, que se vieran afectadas por la crisis sanitaria ocasionada por la COVID-19 y el estado [&hellip;]<\/p>\n","protected":false},"author":4,"featured_media":8964,"comment_status":"closed","ping_status":"closed","sticky":false,"template":"","format":"standard","meta":[],"categories":[49,53,12,37],"tags":[],"yoast_head":"<!-- This site is optimized with the Yoast SEO plugin v18.9 - https:\/\/yoast.com\/wordpress\/plugins\/seo\/ -->\n<title>PUBLICADA LA PRIMERA L\u00cdNEA DE AYUDAS PARA LOS AUT\u00d3NOMOS Y COMERCIANTES MUGARDESES - Concello de Mugardos<\/title>\n<meta name=\"robots\" content=\"index, follow, max-snippet:-1, max-image-preview:large, max-video-preview:-1\" \/>\n<link rel=\"canonical\" href=\"https:\/\/mugardos.gal\/es\/publicada-la-primera-linea-de-ayudas-para-los-autonomos-y-comerciantes-mugardeses\/\" \/>\n<meta property=\"og:locale\" content=\"es_ES\" \/>\n<meta property=\"og:type\" content=\"article\" \/>\n<meta property=\"og:title\" content=\"PUBLICADA LA PRIMERA L\u00cdNEA DE AYUDAS PARA LOS AUT\u00d3NOMOS Y COMERCIANTES MUGARDESES - Concello de Mugardos\" \/>\n<meta property=\"og:description\" content=\"El gobierno municipal informa de que ma\u00f1ana da inicio el plazo de solicitud de las ayudas PEL \u2013 REACTIVA, destinadas a financiar los gastos corrientes de las personas trabajadoras por cuenta propia o aut\u00f3nomas y las microempresas radicadas en Mugardos, que se vieran afectadas por la crisis sanitaria ocasionada por la COVID-19 y el estado [&hellip;]\" \/>\n<meta property=\"og:url\" content=\"https:\/\/mugardos.gal\/es\/publicada-la-primera-linea-de-ayudas-para-los-autonomos-y-comerciantes-mugardeses\/\" \/>\n<meta property=\"og:site_name\" content=\"Concello de Mugardos\" \/>\n<meta property=\"article:published_time\" content=\"2020-11-09T13:36:19+00:00\" \/>\n<meta property=\"article:modified_time\" content=\"2020-11-09T13:37:13+00:00\" \/>\n<meta property=\"og:image\" content=\"https:\/\/mugardos.gal\/wp-content\/uploads\/2020\/07\/PEL-1.jpg\" \/>\n\t<meta property=\"og:image:width\" content=\"1440\" \/>\n\t<meta property=\"og:image:height\" content=\"480\" \/>\n\t<meta property=\"og:image:type\" content=\"image\/jpeg\" \/>\n<meta name=\"twitter:card\" content=\"summary_large_image\" \/>\n<meta name=\"twitter:label1\" content=\"Escrito por\" \/>\n\t<meta name=\"twitter:data1\" content=\"soporte_MUGARDOS\" \/>\n\t<meta name=\"twitter:label2\" content=\"Tiempo de lectura\" \/>\n\t<meta name=\"twitter:data2\" content=\"2 minutos\" \/>\n<script type=\"application\/ld+json\" class=\"yoast-schema-graph\">{\"@context\":\"https:\/\/schema.org\",\"@graph\":[{\"@type\":\"WebSite\",\"@id\":\"https:\/\/mugardos.gal\/#website\",\"url\":\"https:\/\/mugardos.gal\/\",\"name\":\"Concello de Mugardos\",\"description\":\"\",\"potentialAction\":[{\"@type\":\"SearchAction\",\"target\":{\"@type\":\"EntryPoint\",\"urlTemplate\":\"https:\/\/mugardos.gal\/?s={search_term_string}\"},\"query-input\":\"required name=search_term_string\"}],\"inLanguage\":\"es\"},{\"@type\":\"ImageObject\",\"inLanguage\":\"es\",\"@id\":\"https:\/\/mugardos.gal\/es\/publicada-la-primera-linea-de-ayudas-para-los-autonomos-y-comerciantes-mugardeses\/#primaryimage\",\"url\":\"https:\/\/mugardos.gal\/wp-content\/uploads\/2020\/07\/PEL-1.jpg\",\"contentUrl\":\"https:\/\/mugardos.gal\/wp-content\/uploads\/2020\/07\/PEL-1.jpg\",\"width\":1440,\"height\":480},{\"@type\":\"WebPage\",\"@id\":\"https:\/\/mugardos.gal\/es\/publicada-la-primera-linea-de-ayudas-para-los-autonomos-y-comerciantes-mugardeses\/#webpage\",\"url\":\"https:\/\/mugardos.gal\/es\/publicada-la-primera-linea-de-ayudas-para-los-autonomos-y-comerciantes-mugardeses\/\",\"name\":\"PUBLICADA LA PRIMERA L\u00cdNEA DE AYUDAS PARA LOS AUT\u00d3NOMOS Y COMERCIANTES MUGARDESES - Concello de Mugardos\",\"isPartOf\":{\"@id\":\"https:\/\/mugardos.gal\/#website\"},\"primaryImageOfPage\":{\"@id\":\"https:\/\/mugardos.gal\/es\/publicada-la-primera-linea-de-ayudas-para-los-autonomos-y-comerciantes-mugardeses\/#primaryimage\"},\"datePublished\":\"2020-11-09T13:36:19+00:00\",\"dateModified\":\"2020-11-09T13:37:13+00:00\",\"author\":{\"@id\":\"https:\/\/mugardos.gal\/#\/schema\/person\/719cd20866185308d16992f11a158154\"},\"breadcrumb\":{\"@id\":\"https:\/\/mugardos.gal\/es\/publicada-la-primera-linea-de-ayudas-para-los-autonomos-y-comerciantes-mugardeses\/#breadcrumb\"},\"inLanguage\":\"es\",\"potentialAction\":[{\"@type\":\"ReadAction\",\"target\":[\"https:\/\/mugardos.gal\/es\/publicada-la-primera-linea-de-ayudas-para-los-autonomos-y-comerciantes-mugardeses\/\"]}]},{\"@type\":\"BreadcrumbList\",\"@id\":\"https:\/\/mugardos.gal\/es\/publicada-la-primera-linea-de-ayudas-para-los-autonomos-y-comerciantes-mugardeses\/#breadcrumb\",\"itemListElement\":[{\"@type\":\"ListItem\",\"position\":1,\"name\":\"Portada\",\"item\":\"https:\/\/mugardos.gal\/es\/\"},{\"@type\":\"ListItem\",\"position\":2,\"name\":\"PUBLICADA LA PRIMERA L\u00cdNEA DE AYUDAS PARA LOS AUT\u00d3NOMOS Y COMERCIANTES MUGARDESES\"}]},{\"@type\":\"Person\",\"@id\":\"https:\/\/mugardos.gal\/#\/schema\/person\/719cd20866185308d16992f11a158154\",\"name\":\"soporte_MUGARDOS\",\"url\":\"https:\/\/mugardos.gal\/es\/author\/soporte_mugardos\/\"}]}<\/script>\n<!-- \/ Yoast SEO plugin. -->","yoast_head_json":{"title":"PUBLICADA LA PRIMERA L\u00cdNEA DE AYUDAS PARA LOS AUT\u00d3NOMOS Y COMERCIANTES MUGARDESES - Concello de Mugardos","robots":{"index":"index","follow":"follow","max-snippet":"max-snippet:-1","max-image-preview":"max-image-preview:large","max-video-preview":"max-video-preview:-1"},"canonical":"https:\/\/mugardos.gal\/es\/publicada-la-primera-linea-de-ayudas-para-los-autonomos-y-comerciantes-mugardeses\/","og_locale":"es_ES","og_type":"article","og_title":"PUBLICADA LA PRIMERA L\u00cdNEA DE AYUDAS PARA LOS AUT\u00d3NOMOS Y COMERCIANTES MUGARDESES - Concello de Mugardos","og_description":"El gobierno municipal informa de que ma\u00f1ana da inicio el plazo de solicitud de las ayudas PEL \u2013 REACTIVA, destinadas a financiar los gastos corrientes de las personas trabajadoras por cuenta propia o aut\u00f3nomas y las microempresas radicadas en Mugardos, que se vieran afectadas por la crisis sanitaria ocasionada por la COVID-19 y el estado [&hellip;]","og_url":"https:\/\/mugardos.gal\/es\/publicada-la-primera-linea-de-ayudas-para-los-autonomos-y-comerciantes-mugardeses\/","og_site_name":"Concello de Mugardos","article_published_time":"2020-11-09T13:36:19+00:00","article_modified_time":"2020-11-09T13:37:13+00:00","og_image":[{"width":1440,"height":480,"url":"https:\/\/mugardos.gal\/wp-content\/uploads\/2020\/07\/PEL-1.jpg","type":"image\/jpeg"}],"twitter_card":"summary_large_image","twitter_misc":{"Escrito por":"soporte_MUGARDOS","Tiempo de lectura":"2 minutos"},"schema":{"@context":"https:\/\/schema.org","@graph":[{"@type":"WebSite","@id":"https:\/\/mugardos.gal\/#website","url":"https:\/\/mugardos.gal\/","name":"Concello de Mugardos","description":"","potentialAction":[{"@type":"SearchAction","target":{"@type":"EntryPoint","urlTemplate":"https:\/\/mugardos.gal\/?s={search_term_string}"},"query-input":"required name=search_term_string"}],"inLanguage":"es"},{"@type":"ImageObject","inLanguage":"es","@id":"https:\/\/mugardos.gal\/es\/publicada-la-primera-linea-de-ayudas-para-los-autonomos-y-comerciantes-mugardeses\/#primaryimage","url":"https:\/\/mugardos.gal\/wp-content\/uploads\/2020\/07\/PEL-1.jpg","contentUrl":"https:\/\/mugardos.gal\/wp-content\/uploads\/2020\/07\/PEL-1.jpg","width":1440,"height":480},{"@type":"WebPage","@id":"https:\/\/mugardos.gal\/es\/publicada-la-primera-linea-de-ayudas-para-los-autonomos-y-comerciantes-mugardeses\/#webpage","url":"https:\/\/mugardos.gal\/es\/publicada-la-primera-linea-de-ayudas-para-los-autonomos-y-comerciantes-mugardeses\/","name":"PUBLICADA LA PRIMERA L\u00cdNEA DE AYUDAS PARA LOS AUT\u00d3NOMOS Y COMERCIANTES MUGARDESES - Concello de Mugardos","isPartOf":{"@id":"https:\/\/mugardos.gal\/#website"},"primaryImageOfPage":{"@id":"https:\/\/mugardos.gal\/es\/publicada-la-primera-linea-de-ayudas-para-los-autonomos-y-comerciantes-mugardeses\/#primaryimage"},"datePublished":"2020-11-09T13:36:19+00:00","dateModified":"2020-11-09T13:37:13+00:00","author":{"@id":"https:\/\/mugardos.gal\/#\/schema\/person\/719cd20866185308d16992f11a158154"},"breadcrumb":{"@id":"https:\/\/mugardos.gal\/es\/publicada-la-primera-linea-de-ayudas-para-los-autonomos-y-comerciantes-mugardeses\/#breadcrumb"},"inLanguage":"es","potentialAction":[{"@type":"ReadAction","target":["https:\/\/mugardos.gal\/es\/publicada-la-primera-linea-de-ayudas-para-los-autonomos-y-comerciantes-mugardeses\/"]}]},{"@type":"BreadcrumbList","@id":"https:\/\/mugardos.gal\/es\/publicada-la-primera-linea-de-ayudas-para-los-autonomos-y-comerciantes-mugardeses\/#breadcrumb","itemListElement":[{"@type":"ListItem","position":1,"name":"Portada","item":"https:\/\/mugardos.gal\/es\/"},{"@type":"ListItem","position":2,"name":"PUBLICADA LA PRIMERA L\u00cdNEA DE AYUDAS PARA LOS AUT\u00d3NOMOS Y COMERCIANTES MUGARDESES"}]},{"@type":"Person","@id":"https:\/\/mugardos.gal\/#\/schema\/person\/719cd20866185308d16992f11a158154","name":"soporte_MUGARDOS","url":"https:\/\/mugardos.gal\/es\/author\/soporte_mugardos\/"}]}},"_links":{"self":[{"href":"https:\/\/mugardos.gal\/es\/wp-json\/wp\/v2\/posts\/10458"}],"collection":[{"href":"https:\/\/mugardos.gal\/es\/wp-json\/wp\/v2\/posts"}],"about":[{"href":"https:\/\/mugardos.gal\/es\/wp-json\/wp\/v2\/types\/post"}],"author":[{"embeddable":true,"href":"https:\/\/mugardos.gal\/es\/wp-json\/wp\/v2\/users\/4"}],"replies":[{"embeddable":true,"href":"https:\/\/mugardos.gal\/es\/wp-json\/wp\/v2\/comments?post=10458"}],"version-history":[{"count":0,"href":"https:\/\/mugardos.gal\/es\/wp-json\/wp\/v2\/posts\/10458\/revisions"}],"wp:featuredmedia":[{"embeddable":true,"href":"https:\/\/mugardos.gal\/es\/wp-json\/wp\/v2\/media\/8964"}],"wp:attachment":[{"href":"https:\/\/mugardos.gal\/es\/wp-json\/wp\/v2\/media?parent=10458"}],"wp:term":[{"taxonomy":"category","embeddable":true,"href":"https:\/\/mugardos.gal\/es\/wp-json\/wp\/v2\/categories?post=10458"},{"taxonomy":"post_tag","embeddable":true,"href":"https:\/\/mugardos.gal\/es\/wp-json\/wp\/v2\/tags?post=10458"}],"curies":[{"name":"wp","href":"https:\/\/api.w.org\/{rel}","templated":true}]}}