{"id":10318,"date":"2020-10-28T13:52:23","date_gmt":"2020-10-28T11:52:23","guid":{"rendered":"https:\/\/mugardos.gal\/?p=10318"},"modified":"2020-10-29T11:31:01","modified_gmt":"2020-10-29T09:31:01","slug":"la-concejalia-de-obras-restablece-el-alumbrado-publico-tras-la-renovacion-del-cableado-robado-en-a-barca-a-pita-y-a-penela","status":"publish","type":"post","link":"https:\/\/mugardos.gal\/es\/la-concejalia-de-obras-restablece-el-alumbrado-publico-tras-la-renovacion-del-cableado-robado-en-a-barca-a-pita-y-a-penela\/","title":{"rendered":"LA CONCEJAL\u00cdA DE OBRAS RESTABLECE EL ALUMBRADO P\u00daBLICO TRAS LA RENOVACI\u00d3N DEL CABLEADO ROBADO EN A BARCA, A PITA Y A PENELA"},"content":{"rendered":"<p>[vc_row][vc_column][vc_column_text]\n<p style=\"text-align: justify;\">El concejal de Obras y Servicios Jorge Kuntz inform\u00f3 hoy de la realizaci\u00f3n de actuaciones para la reposici\u00f3n del cableado del alumbrado p\u00fablico en A Barca, A Pita y A Penela tras el robo de 500 metros de cable hace unas semanas.<\/p>\n<p style=\"text-align: justify;\">El suceso se remonta al verano, cuando la infraestructura de servicio p\u00fablico fue asaltada y fueron robados 3 tramos de unos 500 metros de cableado de cobre. En estos momentos La investigaci\u00f3n conjunta de este robo se est\u00e1 llevando a cabo por la Polic\u00eda Local y la Guardia Civil, y sigue abierta.<\/p>\n<p style=\"text-align: justify;\">Despu\u00e9s de evaluar la situaci\u00f3n, desde la concejal\u00eda se decidi\u00f3 cambiar el material de los cables a aluminio y no seguir utilizando cobre, ya que el cobre es un material bastante cotizado y buscado por ladrones por su precio en el mercado.<\/p>\n<p style=\"text-align: justify;\">Las actuaciones, iniciadas en el d\u00eda de ayer se extender\u00e1n probablemente hasta el pr\u00f3ximo viernes, ya que la duraci\u00f3n de las mismas depender\u00e1 de la meteorolog\u00eda.<\/p>\n<p style=\"text-align: justify;\">Jorge Kuntz subray\u00f3 que \u201cel robo de alumbrado supone un gasto muy importante de material y recursos para el ayuntamiento, ya que l\u00f3gicamente tiene que hacerse frente a la reposici\u00f3n del cable sustra\u00eddo, pero tambi\u00e9n tiene un coste muy importante por la p\u00e9rdida de un servicio b\u00e1sico como es la iluminaci\u00f3n de las v\u00edas p\u00fablicas, con el da\u00f1o evidente para la seguridad de los vecinos y vecinas que tambi\u00e9n supone\u201d.<\/p>\n<p>[\/vc_column_text][\/vc_column][\/vc_row][vc_row][vc_column][vc_images_carousel images=\u00bb10316,10312,10314&#8243; img_size=\u00bbfull\u00bb speed=\u00bb3000&#8243; autoplay=\u00bbyes\u00bb wrap=\u00bbyes\u00bb][\/vc_column][\/vc_row]\n","protected":false},"excerpt":{"rendered":"<p>[vc_row][vc_column][vc_column_text] El concejal de Obras y Servicios Jorge Kuntz inform\u00f3 hoy de la realizaci\u00f3n de actuaciones para la reposici\u00f3n del cableado del alumbrado p\u00fablico en A Barca, A Pita y A Penela tras el robo de 500 metros de cable hace unas semanas. El suceso se remonta al verano, cuando la infraestructura de servicio p\u00fablico [&hellip;]<\/p>\n","protected":false},"author":4,"featured_media":10314,"comment_status":"closed","ping_status":"closed","sticky":false,"template":"","format":"standard","meta":[],"categories":[12,36],"tags":[],"yoast_head":"<!-- This site is optimized with the Yoast SEO plugin v18.9 - https:\/\/yoast.com\/wordpress\/plugins\/seo\/ -->\n<title>LA CONCEJAL\u00cdA DE OBRAS RESTABLECE EL ALUMBRADO P\u00daBLICO TRAS LA RENOVACI\u00d3N DEL CABLEADO ROBADO EN A BARCA, A PITA Y A PENELA - Concello de Mugardos<\/title>\n<meta name=\"robots\" content=\"index, follow, max-snippet:-1, max-image-preview:large, max-video-preview:-1\" \/>\n<link rel=\"canonical\" href=\"https:\/\/mugardos.gal\/es\/la-concejalia-de-obras-restablece-el-alumbrado-publico-tras-la-renovacion-del-cableado-robado-en-a-barca-a-pita-y-a-penela\/\" \/>\n<meta property=\"og:locale\" content=\"es_ES\" \/>\n<meta property=\"og:type\" content=\"article\" \/>\n<meta property=\"og:title\" content=\"LA CONCEJAL\u00cdA DE OBRAS RESTABLECE EL ALUMBRADO P\u00daBLICO TRAS LA RENOVACI\u00d3N DEL CABLEADO ROBADO EN A BARCA, A PITA Y A PENELA - Concello de Mugardos\" \/>\n<meta property=\"og:description\" content=\"[vc_row][vc_column][vc_column_text] El concejal de Obras y Servicios Jorge Kuntz inform\u00f3 hoy de la realizaci\u00f3n de actuaciones para la reposici\u00f3n del cableado del alumbrado p\u00fablico en A Barca, A Pita y A Penela tras el robo de 500 metros de cable hace unas semanas. El suceso se remonta al verano, cuando la infraestructura de servicio p\u00fablico [&hellip;]\" \/>\n<meta property=\"og:url\" content=\"https:\/\/mugardos.gal\/es\/la-concejalia-de-obras-restablece-el-alumbrado-publico-tras-la-renovacion-del-cableado-robado-en-a-barca-a-pita-y-a-penela\/\" \/>\n<meta property=\"og:site_name\" content=\"Concello de Mugardos\" \/>\n<meta property=\"article:published_time\" content=\"2020-10-28T11:52:23+00:00\" \/>\n<meta property=\"article:modified_time\" content=\"2020-10-29T09:31:01+00:00\" \/>\n<meta property=\"og:image\" content=\"https:\/\/mugardos.gal\/wp-content\/uploads\/2020\/10\/Cableado-2.jpeg\" \/>\n\t<meta property=\"og:image:width\" content=\"1600\" \/>\n\t<meta property=\"og:image:height\" content=\"739\" \/>\n\t<meta property=\"og:image:type\" content=\"image\/jpeg\" \/>\n<meta name=\"twitter:card\" content=\"summary_large_image\" \/>\n<meta name=\"twitter:label1\" content=\"Escrito por\" \/>\n\t<meta name=\"twitter:data1\" content=\"soporte_MUGARDOS\" \/>\n\t<meta name=\"twitter:label2\" content=\"Tiempo de lectura\" \/>\n\t<meta name=\"twitter:data2\" content=\"1 minuto\" \/>\n<script type=\"application\/ld+json\" class=\"yoast-schema-graph\">{\"@context\":\"https:\/\/schema.org\",\"@graph\":[{\"@type\":\"WebSite\",\"@id\":\"https:\/\/mugardos.gal\/#website\",\"url\":\"https:\/\/mugardos.gal\/\",\"name\":\"Concello de Mugardos\",\"description\":\"\",\"potentialAction\":[{\"@type\":\"SearchAction\",\"target\":{\"@type\":\"EntryPoint\",\"urlTemplate\":\"https:\/\/mugardos.gal\/?s={search_term_string}\"},\"query-input\":\"required name=search_term_string\"}],\"inLanguage\":\"es\"},{\"@type\":\"ImageObject\",\"inLanguage\":\"es\",\"@id\":\"https:\/\/mugardos.gal\/es\/la-concejalia-de-obras-restablece-el-alumbrado-publico-tras-la-renovacion-del-cableado-robado-en-a-barca-a-pita-y-a-penela\/#primaryimage\",\"url\":\"https:\/\/mugardos.gal\/wp-content\/uploads\/2020\/10\/Cableado-2.jpeg\",\"contentUrl\":\"https:\/\/mugardos.gal\/wp-content\/uploads\/2020\/10\/Cableado-2.jpeg\",\"width\":1600,\"height\":739},{\"@type\":\"WebPage\",\"@id\":\"https:\/\/mugardos.gal\/es\/la-concejalia-de-obras-restablece-el-alumbrado-publico-tras-la-renovacion-del-cableado-robado-en-a-barca-a-pita-y-a-penela\/#webpage\",\"url\":\"https:\/\/mugardos.gal\/es\/la-concejalia-de-obras-restablece-el-alumbrado-publico-tras-la-renovacion-del-cableado-robado-en-a-barca-a-pita-y-a-penela\/\",\"name\":\"LA CONCEJAL\u00cdA DE OBRAS RESTABLECE EL ALUMBRADO P\u00daBLICO TRAS LA RENOVACI\u00d3N DEL CABLEADO ROBADO EN A BARCA, A PITA Y A PENELA - Concello de Mugardos\",\"isPartOf\":{\"@id\":\"https:\/\/mugardos.gal\/#website\"},\"primaryImageOfPage\":{\"@id\":\"https:\/\/mugardos.gal\/es\/la-concejalia-de-obras-restablece-el-alumbrado-publico-tras-la-renovacion-del-cableado-robado-en-a-barca-a-pita-y-a-penela\/#primaryimage\"},\"datePublished\":\"2020-10-28T11:52:23+00:00\",\"dateModified\":\"2020-10-29T09:31:01+00:00\",\"author\":{\"@id\":\"https:\/\/mugardos.gal\/#\/schema\/person\/719cd20866185308d16992f11a158154\"},\"breadcrumb\":{\"@id\":\"https:\/\/mugardos.gal\/es\/la-concejalia-de-obras-restablece-el-alumbrado-publico-tras-la-renovacion-del-cableado-robado-en-a-barca-a-pita-y-a-penela\/#breadcrumb\"},\"inLanguage\":\"es\",\"potentialAction\":[{\"@type\":\"ReadAction\",\"target\":[\"https:\/\/mugardos.gal\/es\/la-concejalia-de-obras-restablece-el-alumbrado-publico-tras-la-renovacion-del-cableado-robado-en-a-barca-a-pita-y-a-penela\/\"]}]},{\"@type\":\"BreadcrumbList\",\"@id\":\"https:\/\/mugardos.gal\/es\/la-concejalia-de-obras-restablece-el-alumbrado-publico-tras-la-renovacion-del-cableado-robado-en-a-barca-a-pita-y-a-penela\/#breadcrumb\",\"itemListElement\":[{\"@type\":\"ListItem\",\"position\":1,\"name\":\"Portada\",\"item\":\"https:\/\/mugardos.gal\/es\/\"},{\"@type\":\"ListItem\",\"position\":2,\"name\":\"LA CONCEJAL\u00cdA DE OBRAS RESTABLECE EL ALUMBRADO P\u00daBLICO TRAS LA RENOVACI\u00d3N DEL CABLEADO ROBADO EN A BARCA, A PITA Y A PENELA\"}]},{\"@type\":\"Person\",\"@id\":\"https:\/\/mugardos.gal\/#\/schema\/person\/719cd20866185308d16992f11a158154\",\"name\":\"soporte_MUGARDOS\",\"url\":\"https:\/\/mugardos.gal\/es\/author\/soporte_mugardos\/\"}]}<\/script>\n<!-- \/ Yoast SEO plugin. -->","yoast_head_json":{"title":"LA CONCEJAL\u00cdA DE OBRAS RESTABLECE EL ALUMBRADO P\u00daBLICO TRAS LA RENOVACI\u00d3N DEL CABLEADO ROBADO EN A BARCA, A PITA Y A PENELA - Concello de Mugardos","robots":{"index":"index","follow":"follow","max-snippet":"max-snippet:-1","max-image-preview":"max-image-preview:large","max-video-preview":"max-video-preview:-1"},"canonical":"https:\/\/mugardos.gal\/es\/la-concejalia-de-obras-restablece-el-alumbrado-publico-tras-la-renovacion-del-cableado-robado-en-a-barca-a-pita-y-a-penela\/","og_locale":"es_ES","og_type":"article","og_title":"LA CONCEJAL\u00cdA DE OBRAS RESTABLECE EL ALUMBRADO P\u00daBLICO TRAS LA RENOVACI\u00d3N DEL CABLEADO ROBADO EN A BARCA, A PITA Y A PENELA - Concello de Mugardos","og_description":"[vc_row][vc_column][vc_column_text] El concejal de Obras y Servicios Jorge Kuntz inform\u00f3 hoy de la realizaci\u00f3n de actuaciones para la reposici\u00f3n del cableado del alumbrado p\u00fablico en A Barca, A Pita y A Penela tras el robo de 500 metros de cable hace unas semanas. El suceso se remonta al verano, cuando la infraestructura de servicio p\u00fablico [&hellip;]","og_url":"https:\/\/mugardos.gal\/es\/la-concejalia-de-obras-restablece-el-alumbrado-publico-tras-la-renovacion-del-cableado-robado-en-a-barca-a-pita-y-a-penela\/","og_site_name":"Concello de Mugardos","article_published_time":"2020-10-28T11:52:23+00:00","article_modified_time":"2020-10-29T09:31:01+00:00","og_image":[{"width":1600,"height":739,"url":"https:\/\/mugardos.gal\/wp-content\/uploads\/2020\/10\/Cableado-2.jpeg","type":"image\/jpeg"}],"twitter_card":"summary_large_image","twitter_misc":{"Escrito por":"soporte_MUGARDOS","Tiempo de lectura":"1 minuto"},"schema":{"@context":"https:\/\/schema.org","@graph":[{"@type":"WebSite","@id":"https:\/\/mugardos.gal\/#website","url":"https:\/\/mugardos.gal\/","name":"Concello de Mugardos","description":"","potentialAction":[{"@type":"SearchAction","target":{"@type":"EntryPoint","urlTemplate":"https:\/\/mugardos.gal\/?s={search_term_string}"},"query-input":"required name=search_term_string"}],"inLanguage":"es"},{"@type":"ImageObject","inLanguage":"es","@id":"https:\/\/mugardos.gal\/es\/la-concejalia-de-obras-restablece-el-alumbrado-publico-tras-la-renovacion-del-cableado-robado-en-a-barca-a-pita-y-a-penela\/#primaryimage","url":"https:\/\/mugardos.gal\/wp-content\/uploads\/2020\/10\/Cableado-2.jpeg","contentUrl":"https:\/\/mugardos.gal\/wp-content\/uploads\/2020\/10\/Cableado-2.jpeg","width":1600,"height":739},{"@type":"WebPage","@id":"https:\/\/mugardos.gal\/es\/la-concejalia-de-obras-restablece-el-alumbrado-publico-tras-la-renovacion-del-cableado-robado-en-a-barca-a-pita-y-a-penela\/#webpage","url":"https:\/\/mugardos.gal\/es\/la-concejalia-de-obras-restablece-el-alumbrado-publico-tras-la-renovacion-del-cableado-robado-en-a-barca-a-pita-y-a-penela\/","name":"LA CONCEJAL\u00cdA DE OBRAS RESTABLECE EL ALUMBRADO P\u00daBLICO TRAS LA RENOVACI\u00d3N DEL CABLEADO ROBADO EN A BARCA, A PITA Y A PENELA - Concello de Mugardos","isPartOf":{"@id":"https:\/\/mugardos.gal\/#website"},"primaryImageOfPage":{"@id":"https:\/\/mugardos.gal\/es\/la-concejalia-de-obras-restablece-el-alumbrado-publico-tras-la-renovacion-del-cableado-robado-en-a-barca-a-pita-y-a-penela\/#primaryimage"},"datePublished":"2020-10-28T11:52:23+00:00","dateModified":"2020-10-29T09:31:01+00:00","author":{"@id":"https:\/\/mugardos.gal\/#\/schema\/person\/719cd20866185308d16992f11a158154"},"breadcrumb":{"@id":"https:\/\/mugardos.gal\/es\/la-concejalia-de-obras-restablece-el-alumbrado-publico-tras-la-renovacion-del-cableado-robado-en-a-barca-a-pita-y-a-penela\/#breadcrumb"},"inLanguage":"es","potentialAction":[{"@type":"ReadAction","target":["https:\/\/mugardos.gal\/es\/la-concejalia-de-obras-restablece-el-alumbrado-publico-tras-la-renovacion-del-cableado-robado-en-a-barca-a-pita-y-a-penela\/"]}]},{"@type":"BreadcrumbList","@id":"https:\/\/mugardos.gal\/es\/la-concejalia-de-obras-restablece-el-alumbrado-publico-tras-la-renovacion-del-cableado-robado-en-a-barca-a-pita-y-a-penela\/#breadcrumb","itemListElement":[{"@type":"ListItem","position":1,"name":"Portada","item":"https:\/\/mugardos.gal\/es\/"},{"@type":"ListItem","position":2,"name":"LA CONCEJAL\u00cdA DE OBRAS RESTABLECE EL ALUMBRADO P\u00daBLICO TRAS LA RENOVACI\u00d3N DEL CABLEADO ROBADO EN A BARCA, A PITA Y A PENELA"}]},{"@type":"Person","@id":"https:\/\/mugardos.gal\/#\/schema\/person\/719cd20866185308d16992f11a158154","name":"soporte_MUGARDOS","url":"https:\/\/mugardos.gal\/es\/author\/soporte_mugardos\/"}]}},"_links":{"self":[{"href":"https:\/\/mugardos.gal\/es\/wp-json\/wp\/v2\/posts\/10318"}],"collection":[{"href":"https:\/\/mugardos.gal\/es\/wp-json\/wp\/v2\/posts"}],"about":[{"href":"https:\/\/mugardos.gal\/es\/wp-json\/wp\/v2\/types\/post"}],"author":[{"embeddable":true,"href":"https:\/\/mugardos.gal\/es\/wp-json\/wp\/v2\/users\/4"}],"replies":[{"embeddable":true,"href":"https:\/\/mugardos.gal\/es\/wp-json\/wp\/v2\/comments?post=10318"}],"version-history":[{"count":0,"href":"https:\/\/mugardos.gal\/es\/wp-json\/wp\/v2\/posts\/10318\/revisions"}],"wp:featuredmedia":[{"embeddable":true,"href":"https:\/\/mugardos.gal\/es\/wp-json\/wp\/v2\/media\/10314"}],"wp:attachment":[{"href":"https:\/\/mugardos.gal\/es\/wp-json\/wp\/v2\/media?parent=10318"}],"wp:term":[{"taxonomy":"category","embeddable":true,"href":"https:\/\/mugardos.gal\/es\/wp-json\/wp\/v2\/categories?post=10318"},{"taxonomy":"post_tag","embeddable":true,"href":"https:\/\/mugardos.gal\/es\/wp-json\/wp\/v2\/tags?post=10318"}],"curies":[{"name":"wp","href":"https:\/\/api.w.org\/{rel}","templated":true}]}}